{"id":145852,"date":"2021-12-30T10:39:18","date_gmt":"2021-12-30T13:39:18","guid":{"rendered":"http:\/\/centraldeportes.com.ar\/?p=10113"},"modified":"2021-12-30T10:39:18","modified_gmt":"2021-12-30T13:39:18","slug":"racing-confirmo-a-todas-sus-fichas-mayores","status":"publish","type":"post","link":"https:\/\/cdnoticias.com\/index.php\/2021\/12\/30\/racing-confirmo-a-todas-sus-fichas-mayores\/","title":{"rendered":"Racing confirm\u00f3 a todas sus fichas mayores"},"content":{"rendered":"<p>En las \u00faltimas horas, la Comisi\u00f3n Directiva de Racing termin\u00f3 de confirmar las cuatro fichas mayores que le restaban definir y se suman a Mart\u00edn Delgado.<!--more--><\/p>\n<hr \/>\n<p>Racing prepara el debut en el Torneo Federal y mientras <a href=\"http:\/\/centraldeportes.com.ar\/los-chairas-festejaron-el-ascenso-al-torneo-federal\/\">festejaba el ascenso<\/a> en el gimnasio principal del Parque Olavarr\u00eda, termin\u00f3 de confirmar a tres jugadores campeones y su primer refuerzo.<\/p>\n<p>&nbsp;<\/p>\n<p>Mat\u00edas Santana se transform\u00f3 en la primera cara nueva en el equipo de Mat\u00edas Orlando. El ex Pueblo Nuevo se sumar\u00e1 a los entrenamientos el pr\u00f3ximo lunes.<\/p>\n<p>&nbsp;<\/p>\n<p>Por otro lado, se confirm\u00f3 la continuidad de Nicol\u00e1s Lorenzo, Ariel Weisbeck y Gonzalo Alonso que fueron pilares fundamentales de la conquista del Torneo Pre Federal 2021.<\/p>\n<p>&nbsp;<\/p>\n<p><img data-recalc-dims=\"1\" loading=\"lazy\" decoding=\"async\" class=\"aligncenter size-full wp-image-9050\" src=\"https:\/\/i0.wp.com\/centraldeportes.com.ar\/wp-content\/uploads\/2021\/12\/pn-gimnasia-4.png?resize=800%2C533\" alt=\"\" width=\"800\" height=\"533\" \/><\/p>\n<p>&nbsp;<\/p>\n<p>Santana, Lorenzo, Weisbeck y Alonso se suman entonces a Mart\u00edn Delgado y Sebasti\u00e1n Dupin.<\/p>\n<p>&nbsp;<\/p>\n<p>&nbsp;<\/p>\n","protected":false},"excerpt":{"rendered":"<p>En las \u00faltimas horas, la Comisi\u00f3n Directiva de Racing termin\u00f3 de confirmar las cuatro fichas mayores que le restaban definir<\/p>\n","protected":false},"author":96739694,"featured_media":145854,"comment_status":"closed","ping_status":"closed","sticky":false,"template":"","format":"standard","meta":{"_jetpack_memberships_contains_paid_content":false,"footnotes":""},"categories":[31,1,60],"tags":[],"class_list":["post-145852","post","type-post","status-publish","format-standard","has-post-thumbnail","hentry","category-basquet","category-portada","category-torneo-pre-federal"],"jetpack_featured_media_url":"https:\/\/i0.wp.com\/cdnoticias.com\/wp-content\/uploads\/2021\/11\/racing-gimnasia-prefed-6.png?fit=1280%2C853&ssl=1","jetpack_sharing_enabled":true,"_links":{"self":[{"href":"https:\/\/cdnoticias.com\/index.php\/wp-json\/wp\/v2\/posts\/145852","targetHints":{"allow":["GET"]}}],"collection":[{"href":"https:\/\/cdnoticias.com\/index.php\/wp-json\/wp\/v2\/posts"}],"about":[{"href":"https:\/\/cdnoticias.com\/index.php\/wp-json\/wp\/v2\/types\/post"}],"author":[{"embeddable":true,"href":"https:\/\/cdnoticias.com\/index.php\/wp-json\/wp\/v2\/users\/96739694"}],"replies":[{"embeddable":true,"href":"https:\/\/cdnoticias.com\/index.php\/wp-json\/wp\/v2\/comments?post=145852"}],"version-history":[{"count":0,"href":"https:\/\/cdnoticias.com\/index.php\/wp-json\/wp\/v2\/posts\/145852\/revisions"}],"wp:featuredmedia":[{"embeddable":true,"href":"https:\/\/cdnoticias.com\/index.php\/wp-json\/wp\/v2\/media\/145854"}],"wp:attachment":[{"href":"https:\/\/cdnoticias.com\/index.php\/wp-json\/wp\/v2\/media?parent=145852"}],"wp:term":[{"taxonomy":"category","embeddable":true,"href":"https:\/\/cdnoticias.com\/index.php\/wp-json\/wp\/v2\/categories?post=145852"},{"taxonomy":"post_tag","embeddable":true,"href":"https:\/\/cdnoticias.com\/index.php\/wp-json\/wp\/v2\/tags?post=145852"}],"curies":[{"name":"wp","href":"https:\/\/api.w.org\/{rel}","templated":true}]}}