{"id":145847,"date":"2021-12-30T10:52:35","date_gmt":"2021-12-30T13:52:35","guid":{"rendered":"http:\/\/centraldeportes.com.ar\/?p=10115"},"modified":"2021-12-30T10:52:35","modified_gmt":"2021-12-30T13:52:35","slug":"los-chairas-festejaron-el-ascenso-al-torneo-federal","status":"publish","type":"post","link":"https:\/\/cdnoticias.com\/index.php\/2021\/12\/30\/los-chairas-festejaron-el-ascenso-al-torneo-federal\/","title":{"rendered":"Los \u201cChairas\u201d festejaron el ascenso al Torneo Federal"},"content":{"rendered":"<p>En la noche del mi\u00e9rcoles se realiz\u00f3 la \u201cCena de los campeones\u201d de Racing A. Club que por primera vez en su historia, jugar\u00e1 el Torneo Federal. M\u00e1s de un centenar de personas asistieron.<!--more--><\/p>\n<hr \/>\n<p>La cena y baile se realiz\u00f3 en el gimnasio principal del Parque Olavarr\u00eda y adem\u00e1s de la entrega de la copa a cargo de Adolfo \u201cCoco\u201d Palahy y de varias distinciones, los presentes bailaron al ritmo de Lima Lim\u00f3n.<\/p>\n<p>&nbsp;<\/p>\n<p><img data-recalc-dims=\"1\" loading=\"lazy\" decoding=\"async\" class=\"aligncenter size-full wp-image-10117\" src=\"https:\/\/i0.wp.com\/centraldeportes.com.ar\/wp-content\/uploads\/2021\/12\/WhatsApp-Image-2021-12-30-at-00.08.04.jpeg?resize=800%2C600\" alt=\"\" width=\"800\" height=\"600\" \/><\/p>\n<p>&nbsp;<\/p>\n<p>Hubo palabras del entrenador campe\u00f3n, la Comisi\u00f3n Directiva y la confirmaci\u00f3n de todas las <a href=\"http:\/\/centraldeportes.com.ar\/racing-confirmo-a-todas-sus-fichas-mayores\/\">fichas mayores<\/a> para la competencia que dar\u00e1 inicio el 28 de enero pr\u00f3ximo.<\/p>\n","protected":false},"excerpt":{"rendered":"<p>En la noche del mi\u00e9rcoles se realiz\u00f3 la \u201cCena de los campeones\u201d de Racing A. Club que por primera vez<\/p>\n","protected":false},"author":96739694,"featured_media":145849,"comment_status":"closed","ping_status":"closed","sticky":false,"template":"","format":"standard","meta":{"_jetpack_memberships_contains_paid_content":false,"footnotes":""},"categories":[31,1,60],"tags":[],"class_list":["post-145847","post","type-post","status-publish","format-standard","has-post-thumbnail","hentry","category-basquet","category-portada","category-torneo-pre-federal"],"jetpack_featured_media_url":"https:\/\/i0.wp.com\/cdnoticias.com\/wp-content\/uploads\/2021\/12\/WhatsApp-Image-2021-12-30-at-00.08.03.jpeg?fit=1600%2C1200&ssl=1","jetpack_sharing_enabled":true,"_links":{"self":[{"href":"https:\/\/cdnoticias.com\/index.php\/wp-json\/wp\/v2\/posts\/145847","targetHints":{"allow":["GET"]}}],"collection":[{"href":"https:\/\/cdnoticias.com\/index.php\/wp-json\/wp\/v2\/posts"}],"about":[{"href":"https:\/\/cdnoticias.com\/index.php\/wp-json\/wp\/v2\/types\/post"}],"author":[{"embeddable":true,"href":"https:\/\/cdnoticias.com\/index.php\/wp-json\/wp\/v2\/users\/96739694"}],"replies":[{"embeddable":true,"href":"https:\/\/cdnoticias.com\/index.php\/wp-json\/wp\/v2\/comments?post=145847"}],"version-history":[{"count":0,"href":"https:\/\/cdnoticias.com\/index.php\/wp-json\/wp\/v2\/posts\/145847\/revisions"}],"wp:featuredmedia":[{"embeddable":true,"href":"https:\/\/cdnoticias.com\/index.php\/wp-json\/wp\/v2\/media\/145849"}],"wp:attachment":[{"href":"https:\/\/cdnoticias.com\/index.php\/wp-json\/wp\/v2\/media?parent=145847"}],"wp:term":[{"taxonomy":"category","embeddable":true,"href":"https:\/\/cdnoticias.com\/index.php\/wp-json\/wp\/v2\/categories?post=145847"},{"taxonomy":"post_tag","embeddable":true,"href":"https:\/\/cdnoticias.com\/index.php\/wp-json\/wp\/v2\/tags?post=145847"}],"curies":[{"name":"wp","href":"https:\/\/api.w.org\/{rel}","templated":true}]}}