{"id":145815,"date":"2021-12-26T19:06:31","date_gmt":"2021-12-26T22:06:31","guid":{"rendered":"http:\/\/centraldeportes.com.ar\/?p=10013"},"modified":"2021-12-26T19:06:31","modified_gmt":"2021-12-26T22:06:31","slug":"el-bataraz-tiene-confirmado-su-futuro","status":"publish","type":"post","link":"https:\/\/cdnoticias.com\/index.php\/2021\/12\/26\/el-bataraz-tiene-confirmado-su-futuro\/","title":{"rendered":"El \u201cBataraz\u201d tiene confirmado su futuro"},"content":{"rendered":"<p class=\"titulonota\">Estudiantes que regresa a los entrenamientos el pr\u00f3ximo 3 de enero tiene confirmado su cronograma para el primer mes del 2022.<!--more--><\/p>\n<hr \/>\n<p class=\"titulonota\">Pensando en el regreso de La Liga Argentina, Estudiantes iniciar\u00e1 el pr\u00f3ximo 9 de enero lo que resta de la Fase Regular; ser\u00e1n 3 partidos como visitantes en Entre R\u00edos y completar\u00e1 otros dos en el Maxigimnasio durante el mes de enero.<\/p>\n<p>&nbsp;<\/p>\n<p>Luego del parate por las fiestas de fin de a\u00f1o, el equipo olavarriense se enfrentar\u00e1 a Estudiantes de Concordia en la Provincia de Entre R\u00edos desde las 21:00, luego se presentar\u00e1 el martes 11 ante Tom\u00e1s de Rocamora y el mi\u00e9rcoles 12 cerrar\u00e1 su gira ante Parque Sur.<\/p>\n<p>&nbsp;<\/p>\n<p>El \u201cBataraz\u201d completar\u00e1 el mes de enero el mi\u00e9rcoles 19 de local ante Villa Mitre desde las 21:00 y el mi\u00e9rcoles 26 volver\u00e1 a ser local, recibiendo a Gimnasia y Esgrima.<\/p>\n<p>&nbsp;<\/p>\n<p>Los dirigidos por Cristian Colli volver\u00e1n a los entrenamientos el pr\u00f3ximo 3 de enero tras ser licenciados por el receso festivo.<\/p>\n","protected":false},"excerpt":{"rendered":"<p>Estudiantes que regresa a los entrenamientos el pr\u00f3ximo 3 de enero tiene confirmado su cronograma para el primer mes del<\/p>\n","protected":false},"author":96739694,"featured_media":0,"comment_status":"closed","ping_status":"closed","sticky":false,"template":"","format":"standard","meta":{"_jetpack_memberships_contains_paid_content":false,"footnotes":""},"categories":[31,32,1],"tags":[],"class_list":["post-145815","post","type-post","status-publish","format-standard","hentry","category-basquet","category-liga-argentina","category-portada"],"jetpack_featured_media_url":"","jetpack_sharing_enabled":true,"_links":{"self":[{"href":"https:\/\/cdnoticias.com\/index.php\/wp-json\/wp\/v2\/posts\/145815","targetHints":{"allow":["GET"]}}],"collection":[{"href":"https:\/\/cdnoticias.com\/index.php\/wp-json\/wp\/v2\/posts"}],"about":[{"href":"https:\/\/cdnoticias.com\/index.php\/wp-json\/wp\/v2\/types\/post"}],"author":[{"embeddable":true,"href":"https:\/\/cdnoticias.com\/index.php\/wp-json\/wp\/v2\/users\/96739694"}],"replies":[{"embeddable":true,"href":"https:\/\/cdnoticias.com\/index.php\/wp-json\/wp\/v2\/comments?post=145815"}],"version-history":[{"count":0,"href":"https:\/\/cdnoticias.com\/index.php\/wp-json\/wp\/v2\/posts\/145815\/revisions"}],"wp:attachment":[{"href":"https:\/\/cdnoticias.com\/index.php\/wp-json\/wp\/v2\/media?parent=145815"}],"wp:term":[{"taxonomy":"category","embeddable":true,"href":"https:\/\/cdnoticias.com\/index.php\/wp-json\/wp\/v2\/categories?post=145815"},{"taxonomy":"post_tag","embeddable":true,"href":"https:\/\/cdnoticias.com\/index.php\/wp-json\/wp\/v2\/tags?post=145815"}],"curies":[{"name":"wp","href":"https:\/\/api.w.org\/{rel}","templated":true}]}}