{"id":145809,"date":"2021-12-26T21:03:48","date_gmt":"2021-12-27T00:03:48","guid":{"rendered":"http:\/\/centraldeportes.com.ar\/?p=10015"},"modified":"2021-12-26T21:03:48","modified_gmt":"2021-12-27T00:03:48","slug":"braian-salvareschi-visito-la-pension-verde-y-conto-anecdotas","status":"publish","type":"post","link":"https:\/\/cdnoticias.com\/index.php\/2021\/12\/26\/braian-salvareschi-visito-la-pension-verde-y-conto-anecdotas\/","title":{"rendered":"Braian Salvareschi visit\u00f3 la pensi\u00f3n \u201cVerde\u201d y cont\u00f3 an\u00e9cdotas"},"content":{"rendered":"<p class=\"titulonota\">En la previa del receso tras la finalizaci\u00f3n de la temporada, Braian Salvareschi y varios futbolistas profesionales de Sarmiento visitaron la pensi\u00f3n donde tambi\u00e9n hay olavarrienses en formaci\u00f3n.<!--more--><\/p>\n<hr \/>\n<p class=\"titulonota\">El pasado 6 de diciembre, f<span class=\"css-901oao\">utbolistas formados en las inferiores del \u201cVerde\u201d, cenaron junto a los chicos de la Pensi\u00f3n del Club y entre los presentes estuvo Braian Salvareschi. Adem\u00e1s estuvieron presentes <\/span>Martin Garc\u00eda, Facundo Castet, Luciano Gondou y Federico Paradela.<\/p>\n<p>&nbsp;<\/p>\n<p class=\"titulonota\">Los deportistas profesionales adem\u00e1s de cocinar un asado a los futbolistas en formaci\u00f3n, contaron an\u00e9cdotas de cuando ellos fueron jugadores de pensi\u00f3n, vivencias y consejos a los juveniles.<\/p>\n<p>&nbsp;<\/p>\n<p class=\"titulonota\">Al finalizar, realizaron sorteos con ropa deportiva que acercaron los futbolistas.<\/p>\n<p>&nbsp;<\/p>\n<p class=\"titulonota\">La pensi\u00f3n de Sarmiento alberga la mayor cantidad de olavarrienses con el sue\u00f1o de consagrarse en la \u00e9lite del f\u00fatbol argentino.<\/p>\n","protected":false},"excerpt":{"rendered":"<p>En la previa del receso tras la finalizaci\u00f3n de la temporada, Braian Salvareschi y varios futbolistas profesionales de Sarmiento visitaron<\/p>\n","protected":false},"author":96739694,"featured_media":145810,"comment_status":"closed","ping_status":"closed","sticky":false,"template":"","format":"standard","meta":{"_jetpack_memberships_contains_paid_content":false,"footnotes":""},"categories":[35,37,1],"tags":[],"class_list":["post-145809","post","type-post","status-publish","format-standard","has-post-thumbnail","hentry","category-futbol","category-futbol-profesional","category-portada"],"jetpack_featured_media_url":"https:\/\/i0.wp.com\/cdnoticias.com\/wp-content\/uploads\/2021\/12\/FF8AOJiXoAcJIMZ-e1640563403664.jpg?fit=1200%2C728&ssl=1","jetpack_sharing_enabled":true,"_links":{"self":[{"href":"https:\/\/cdnoticias.com\/index.php\/wp-json\/wp\/v2\/posts\/145809","targetHints":{"allow":["GET"]}}],"collection":[{"href":"https:\/\/cdnoticias.com\/index.php\/wp-json\/wp\/v2\/posts"}],"about":[{"href":"https:\/\/cdnoticias.com\/index.php\/wp-json\/wp\/v2\/types\/post"}],"author":[{"embeddable":true,"href":"https:\/\/cdnoticias.com\/index.php\/wp-json\/wp\/v2\/users\/96739694"}],"replies":[{"embeddable":true,"href":"https:\/\/cdnoticias.com\/index.php\/wp-json\/wp\/v2\/comments?post=145809"}],"version-history":[{"count":0,"href":"https:\/\/cdnoticias.com\/index.php\/wp-json\/wp\/v2\/posts\/145809\/revisions"}],"wp:featuredmedia":[{"embeddable":true,"href":"https:\/\/cdnoticias.com\/index.php\/wp-json\/wp\/v2\/media\/145810"}],"wp:attachment":[{"href":"https:\/\/cdnoticias.com\/index.php\/wp-json\/wp\/v2\/media?parent=145809"}],"wp:term":[{"taxonomy":"category","embeddable":true,"href":"https:\/\/cdnoticias.com\/index.php\/wp-json\/wp\/v2\/categories?post=145809"},{"taxonomy":"post_tag","embeddable":true,"href":"https:\/\/cdnoticias.com\/index.php\/wp-json\/wp\/v2\/tags?post=145809"}],"curies":[{"name":"wp","href":"https:\/\/api.w.org\/{rel}","templated":true}]}}