{"id":145806,"date":"2021-12-26T21:29:48","date_gmt":"2021-12-27T00:29:48","guid":{"rendered":"http:\/\/centraldeportes.com.ar\/?p=10018"},"modified":"2021-12-26T21:29:48","modified_gmt":"2021-12-27T00:29:48","slug":"pedro-de-la-vega-marco-uno-de-los-mejores-goles-de-la-copa-argentina","status":"publish","type":"post","link":"https:\/\/cdnoticias.com\/index.php\/2021\/12\/26\/pedro-de-la-vega-marco-uno-de-los-mejores-goles-de-la-copa-argentina\/","title":{"rendered":"Pedro De la Vega marc\u00f3 uno de los mejores goles de la Copa Argentina"},"content":{"rendered":"<p class=\"titulonota\">Recientemente se dieron a conocer los mejores goles de una nueva edici\u00f3n de la Copa Argentina y en la lista de 10 mejores figura el aporte olavarriense de Pedro De la Vega jugando para Lan\u00fas.<!--more--><\/p>\n<hr \/>\n<p class=\"titulonota\">Goles son amores. Especialmente si se caracterizan por la belleza t\u00e9cnica. El Sitio Oficial de la Copa Argentina AXION energy\u00a0seleccion\u00f3 los diez mejores tantos\u00a0de\u00a0la edici\u00f3n 2020, novena desde el regreso de la competencia al calendario futbol\u00edstico. Dos chilenas impactantes, tiros libres de larga distancia que se metieron en sitios impensados\u00a0y remates sorprendentes que se incrustaron en el \u00e1ngulo se destacan en la recopilaci\u00f3n existente entre las 201 conversiones de la competencia que finaliz\u00f3 en poder de Boca.<\/p>\n<p>&nbsp;<\/p>\n<p class=\"titulonota\">El gol de \u201cPepo\u201d fue elegido como el cuarto mejor gol de la edici\u00f3n 2020 en la derrota del \u201cGranate\u201d ante Patronato: \u201c<em>El \u201cGranate\u201d dispon\u00eda de un tiro libre a cierta distancia del \u00e1rea, ideal para un zurdo. Sin embargo, Pedro De la Vega afront\u00f3 la responsabilidad y sac\u00f3 un remate sorprendente\u00a0que se elev\u00f3 por encima de la barrera e ingres\u00f3 en el \u00e1ngulo superior izquierdo de la valla defendida por Mat\u00edas Ib\u00e1\u00f1ez. Una obra maestra que, de todas maneras, no logr\u00f3 el objetivo de consumar la clasificaci\u00f3n del conjunto dirigido por Luis Zubeld\u00eda, que cay\u00f3 por penales ante el representante entrerriano en el estadio Julio Humberto Grondona de Arsenal<\/em>\u201d.<\/p>\n<p>&nbsp;<\/p>\n<p>Los mejores goles:<\/p>\n<p>&nbsp;<\/p>\n<p>[embedyt] https:\/\/www.youtube.com\/watch?v=RjLesBmBMe8[\/embedyt]<\/p>\n","protected":false},"excerpt":{"rendered":"<p>Recientemente se dieron a conocer los mejores goles de una nueva edici\u00f3n de la Copa Argentina y en la lista<\/p>\n","protected":false},"author":96739694,"featured_media":143745,"comment_status":"closed","ping_status":"closed","sticky":false,"template":"","format":"standard","meta":{"_jetpack_memberships_contains_paid_content":false,"footnotes":""},"categories":[35,37,1],"tags":[],"class_list":["post-145806","post","type-post","status-publish","format-standard","has-post-thumbnail","hentry","category-futbol","category-futbol-profesional","category-portada"],"jetpack_featured_media_url":"https:\/\/i0.wp.com\/cdnoticias.com\/wp-content\/uploads\/2021\/09\/pedro-de-la-vega-lanus-2019_ql58ds2uv41m1jtqsdyu7hj8s.jpg?fit=1920%2C1080&ssl=1","jetpack_sharing_enabled":true,"_links":{"self":[{"href":"https:\/\/cdnoticias.com\/index.php\/wp-json\/wp\/v2\/posts\/145806","targetHints":{"allow":["GET"]}}],"collection":[{"href":"https:\/\/cdnoticias.com\/index.php\/wp-json\/wp\/v2\/posts"}],"about":[{"href":"https:\/\/cdnoticias.com\/index.php\/wp-json\/wp\/v2\/types\/post"}],"author":[{"embeddable":true,"href":"https:\/\/cdnoticias.com\/index.php\/wp-json\/wp\/v2\/users\/96739694"}],"replies":[{"embeddable":true,"href":"https:\/\/cdnoticias.com\/index.php\/wp-json\/wp\/v2\/comments?post=145806"}],"version-history":[{"count":0,"href":"https:\/\/cdnoticias.com\/index.php\/wp-json\/wp\/v2\/posts\/145806\/revisions"}],"wp:featuredmedia":[{"embeddable":true,"href":"https:\/\/cdnoticias.com\/index.php\/wp-json\/wp\/v2\/media\/143745"}],"wp:attachment":[{"href":"https:\/\/cdnoticias.com\/index.php\/wp-json\/wp\/v2\/media?parent=145806"}],"wp:term":[{"taxonomy":"category","embeddable":true,"href":"https:\/\/cdnoticias.com\/index.php\/wp-json\/wp\/v2\/categories?post=145806"},{"taxonomy":"post_tag","embeddable":true,"href":"https:\/\/cdnoticias.com\/index.php\/wp-json\/wp\/v2\/tags?post=145806"}],"curies":[{"name":"wp","href":"https:\/\/api.w.org\/{rel}","templated":true}]}}