{"id":1458,"date":"2020-09-13T12:08:11","date_gmt":"2020-09-13T15:08:11","guid":{"rendered":"http:\/\/www.centraldenoticias.com.ar\/?p=1458"},"modified":"2020-09-13T14:45:22","modified_gmt":"2020-09-13T17:45:22","slug":"viento-en-contra-sin-cartoneras-y-cartoneros-no-hay-reciclado","status":"publish","type":"post","link":"https:\/\/cdnoticias.com\/index.php\/2020\/09\/13\/viento-en-contra-sin-cartoneras-y-cartoneros-no-hay-reciclado\/","title":{"rendered":"Viento en Contra: \u201cSin cartoneras y cartoneros no hay reciclado\u201d"},"content":{"rendered":"<p>La cooperativa local se expres\u00f3 en rechazo al convenio que el Municipio firm\u00f3 con la Fundaci\u00f3n McKinsey para llevar adelante trabajo de reciclado. Demandaron acceder a la documentaci\u00f3n firmada para subrayar que \u201chay que fortalecer el sector que ya est\u00e1 en marcha\u201d.<\/p>\n<p><!--more--><\/p>\n<hr \/>\n<p><strong>\u201cEl sector cartonero organizado de Olavarr\u00eda se opone al desembarco de la Fundaci\u00f3n McKinsey en nuestra ciudad y nos manifestamos en pie de lucha\u201d<\/strong> se dio a conocer en la ma\u00f1ana de este domingo desde la cooperativa Viento en Contra.<\/p>\n<p>En este sentido, se mostraron en rechazo al anuncio que d\u00edas pasados emiti\u00f3 el Ejecutivo Municipal. \u201cEl sector de cartoneros nucleados en la <strong>Federaci\u00f3n Argentina de Cartoneros, Carreros y Recicladores (FACCYR) y el Movimiento de Trabajadores Excluidos (MTE) de nuestra ciudad<\/strong> se opone al convenio llevado adelante por la municipalidad y la Fundaci\u00f3n McKinsey bajo el nombre `Rethinking Recycling\u00b4 (Repensando el reciclado) \u2013 Patria SI Colonia NO\u201d subrayaron.<\/p>\n<p>La cooperativa, que en nuestra ciudad se dedica al reciclado de distintos materiales, consider\u00f3 que \u201c<strong>la puesta en marcha de este programa es una mentira<\/strong> desde cualquier aspecto que se lo mire, no hay nada que repensar, <strong>hay que fortalecer el sector que ya est\u00e1 en marcha<\/strong>\u201d.<\/p>\n<p>Expusieron detalles de distintas reuniones y contactos que mantuvieron con el Ejecutivo local donde no se dieron respuesta a los pedidos y planteos de la cooperativa y, sin embargo, s\u00ed se atendi\u00f3 a la empresa de la Fundaci\u00f3n McKinsey. \u201cHace casi un a\u00f1o lleg\u00f3 una comitiva de la Fundaci\u00f3n al predio de la cooperativa junto a representantes de la Direcci\u00f3n de Desarrollo Sustentable municipal para hablar con lxs compa\u00f1erxs. All\u00ed les quisieron endulzar las orejas con falsas promesas de que se podr\u00eda implementar un sistema de reciclado incorporando un poco m\u00e1s de maquinaria como una cinta transportadora y mejorando los implementos de trabajo\u201d contaron.<\/p>\n<p>Relataron que a su vez, tambi\u00e9n a trav\u00e9s del \u00e1rea de Desarrollo Sustentable, esta fundaci\u00f3n intent\u00f3 acceder a datos de funcionamiento de la cooperativa. \u201cPreguntaba por la cantidad de empleados que ten\u00eda la cooperativa, desconociendo que en una cooperativa de cartoneros no existen ni amos ni esclavos. En definitiva, <strong>todos los interrogantes giraban en torno al modelo empresarial tradicional, siendo que el desarrollo de nuestra Unidad Productiva encierra un aspecto econ\u00f3mico de nuestros compa\u00f1eros, pero tambi\u00e9n un espacio de contenci\u00f3n social<\/strong>\u201d cuestionaron.<\/p>\n<p><img data-recalc-dims=\"1\" loading=\"lazy\" decoding=\"async\" class=\"aligncenter wp-image-1462\" src=\"https:\/\/i0.wp.com\/cdnoticias.com\/wp-content\/uploads\/2020\/09\/cooperativa-viento-en-contra.jpg?resize=450%2C450&#038;ssl=1\" alt=\"\" width=\"450\" height=\"450\" srcset=\"https:\/\/i0.wp.com\/cdnoticias.com\/wp-content\/uploads\/2020\/09\/cooperativa-viento-en-contra.jpg?resize=300%2C300&amp;ssl=1 300w, https:\/\/i0.wp.com\/cdnoticias.com\/wp-content\/uploads\/2020\/09\/cooperativa-viento-en-contra.jpg?resize=150%2C150&amp;ssl=1 150w, https:\/\/i0.wp.com\/cdnoticias.com\/wp-content\/uploads\/2020\/09\/cooperativa-viento-en-contra.jpg?resize=768%2C768&amp;ssl=1 768w, https:\/\/i0.wp.com\/cdnoticias.com\/wp-content\/uploads\/2020\/09\/cooperativa-viento-en-contra.jpg?w=947&amp;ssl=1 947w\" sizes=\"auto, (max-width: 450px) 100vw, 450px\" \/><\/p>\n<p>Tras un encuentro con el secretario de Desarrollo Humano y Calidad de Vida, Diego Robbiani, a principios de este a\u00f1o, la cooperativa entreg\u00f3 a la Directora de Desarrollo Sustentable un informe en el que se volc\u00f3 \u201ccon lujo de detalles acerca de la integralidad de las actividades que se desarrollaron durante el primer a\u00f1o de actividad en la cooperativa\u201d se indic\u00f3. El siguiente encuentro fue con el director de Desarrollo Econ\u00f3mico y los integrantes de Viento en Contra esperaban hablar sobre ese informe, pero \u201cel objetivo principal era anunciarnos que el municipio ten\u00eda una reuni\u00f3n con la Fundaci\u00f3n la semana pr\u00f3xima. All\u00ed adelantamos nuestra postura acerca de la misma y que \u00e9sta<strong> va en la direcci\u00f3n opuesta a nuestros objetivos<\/strong>, aunque accedimos porque estamos abiertos al di\u00e1logo desde el minuto uno de nuestra organizaci\u00f3n, pero no a subordinarnos ante nada ni nadie\u201d contaron.<\/p>\n<p>\u201cLleg\u00f3 el d\u00eda de la reuni\u00f3n. Ya sab\u00edamos que esta fundaci\u00f3n no es m\u00e1s ni menos que la cara `solidaria\u00b4 de una empresa consultora multinacional que ven\u00eda a lavar sus negociados con proyectos mentirosos y alejados de la realidad como los realizados en la Villa 31 donde hac\u00edan trabajar de cartonerxs a gente que ten\u00eda programas sociales para otras actividades\u201d denunciaron desde la cooperativa local. El comunicado avanza sobre el di\u00e1logo que sostuvieron en esa reuni\u00f3n y que s\u00f3lo despert\u00f3 m\u00e1s desconfianza en los integrantes de la cooperativa local, tanto en las referencias a la forma de producci\u00f3n como a los aspectos sobre comercializaci\u00f3n. \u201c<strong>Ninguna de sus propuestas era superadora<\/strong>\u201d concluyeron y a\u00f1adieron otro aspecto: \u201ccomo corolario a esta reuni\u00f3n apareci\u00f3 el desconocimiento y el destrato del municipio\u201d.<\/p>\n<p>Sobre ello, contrastaron que al mismo tiempo \u201cnosotros debat\u00edamos en asamblea qu\u00e9 decisi\u00f3n tomar; para nosotros nunca hubo tiempo, salvo aquella vez que por protocolo de un programa de microcr\u00e9dito tuvo que abrazarse con nuestros compas y simular felicidad porque la foto vende\u201d. La decisi\u00f3n de la asamblea en la cooperativa \u201cfue un\u00e1nime\u201d: <strong>\u201cno queremos que una empresa nos venga a quitar de las manos el pan que ganamos caminando las calles, recuperando desde hace d\u00e9cadas lo que la ciudad descarta\u201d<\/strong>.<\/p>\n<p>La postura de Viento en Contra se endureci\u00f3 tras la difusi\u00f3n del acuerdo entre la fundaci\u00f3n y el Municipio. \u201cVamos a exigir todo lo que le corresponde al sector de manera categ\u00f3rica\u201d dijeron para detallar las demandas.<\/p>\n<p>\u201c<strong>Exigimos tener acceso y que se haga p\u00fablico la documentaci\u00f3n correspondiente, las l\u00edneas de acci\u00f3n que se desarrollar\u00e1n y el convenio firmado entre el municipio de Olavarr\u00eda y la Fundaci\u00f3n McKinsey<\/strong>\u201d y agregaron tambi\u00e9n \u201creconocimiento del sector como trabajadores de la Econom\u00eda Popular con los mismos derechos que cualquier trabajador formal\u201d.<\/p>\n<p>Otro de los pedidos es \u201cque se dispongan a trav\u00e9s de ordenanzas amparadas en las leyes nacionales y provinciales una pol\u00edtica p\u00fablica respecto a la Gesti\u00f3n Integral de Residuos S\u00f3lidos Urbanos con Inclusi\u00f3n Social en la que el actor principal sean los trabajadores del sector\u201d y \u201chacer part\u00edcipe a la cooperativa de recicladores urbanos en la gesti\u00f3n de los residuos producidos por los Grandes Generadores\u201d.<\/p>\n<p>Tambi\u00e9n demandan \u201cun predio para avanzar de manera progresiva en la implantaci\u00f3n de una planta de reciclado en la que participen exclusivamente trabajadores de la econom\u00eda popular y espec\u00edficamente del sector\u201d y que el Municipio asuma por un lado, \u201clos gastos de alquiler del predio donde se realiza la actividad\u201d mientras tanto, y que pague \u201ca la cooperativa el mismo monto monetario que lo hace por tonelada de residuos enterrados en el relleno sanitario\u201d.<\/p>\n<p><strong>\u201cSin cartoneras y cartoneros no hay reciclado\u201d<\/strong> consideraron.<\/p>\n<p>Al comunicado de la Cooperativa de Trabajo Viento en Contra Ltda (FACCYR\/MTE-UTEP), adhieren UTEP-Olavarr\u00eda, Olavarr\u00eda Verde, Guardianes Ecol\u00f3gicos Colonia Hinojo, Corazones de Barro y Construyendo Fortalezas.<\/p>\n","protected":false},"excerpt":{"rendered":"<p>La cooperativa local se expres\u00f3 en rechazo al convenio que el Municipio firm\u00f3 con la Fundaci\u00f3n McKinsey para llevar adelante<\/p>\n","protected":false},"author":4,"featured_media":1459,"comment_status":"closed","ping_status":"closed","sticky":false,"template":"","format":"standard","meta":{"_jetpack_memberships_contains_paid_content":false,"footnotes":""},"categories":[5,1],"tags":[],"class_list":["post-1458","post","type-post","status-publish","format-standard","has-post-thumbnail","hentry","category-informacion-general","category-portada"],"jetpack_featured_media_url":"https:\/\/i0.wp.com\/cdnoticias.com\/wp-content\/uploads\/2020\/09\/cooperativavientoencontra-800x445-1.jpg?fit=800%2C445&ssl=1","jetpack_sharing_enabled":true,"_links":{"self":[{"href":"https:\/\/cdnoticias.com\/index.php\/wp-json\/wp\/v2\/posts\/1458","targetHints":{"allow":["GET"]}}],"collection":[{"href":"https:\/\/cdnoticias.com\/index.php\/wp-json\/wp\/v2\/posts"}],"about":[{"href":"https:\/\/cdnoticias.com\/index.php\/wp-json\/wp\/v2\/types\/post"}],"author":[{"embeddable":true,"href":"https:\/\/cdnoticias.com\/index.php\/wp-json\/wp\/v2\/users\/4"}],"replies":[{"embeddable":true,"href":"https:\/\/cdnoticias.com\/index.php\/wp-json\/wp\/v2\/comments?post=1458"}],"version-history":[{"count":0,"href":"https:\/\/cdnoticias.com\/index.php\/wp-json\/wp\/v2\/posts\/1458\/revisions"}],"wp:featuredmedia":[{"embeddable":true,"href":"https:\/\/cdnoticias.com\/index.php\/wp-json\/wp\/v2\/media\/1459"}],"wp:attachment":[{"href":"https:\/\/cdnoticias.com\/index.php\/wp-json\/wp\/v2\/media?parent=1458"}],"wp:term":[{"taxonomy":"category","embeddable":true,"href":"https:\/\/cdnoticias.com\/index.php\/wp-json\/wp\/v2\/categories?post=1458"},{"taxonomy":"post_tag","embeddable":true,"href":"https:\/\/cdnoticias.com\/index.php\/wp-json\/wp\/v2\/tags?post=1458"}],"curies":[{"name":"wp","href":"https:\/\/api.w.org\/{rel}","templated":true}]}}