{"id":145787,"date":"2021-12-27T19:43:08","date_gmt":"2021-12-27T22:43:08","guid":{"rendered":"http:\/\/centraldeportes.com.ar\/?p=10024"},"modified":"2021-12-27T19:43:08","modified_gmt":"2021-12-27T22:43:08","slug":"el-ricardo-sanchez-albergara-la-23-edicion-del-futbol-solidario","status":"publish","type":"post","link":"https:\/\/cdnoticias.com\/index.php\/2021\/12\/27\/el-ricardo-sanchez-albergara-la-23-edicion-del-futbol-solidario\/","title":{"rendered":"El Ricardo S\u00e1nchez albergar\u00e1 la 23\u00b0 edici\u00f3n del f\u00fatbol solidario"},"content":{"rendered":"<p class=\"titulonota\">El tradicional evento solidario organizado por Jorge Salguero tendr\u00e1 el pr\u00f3ximo jueves, su 23\u00b0 edici\u00f3n en el Ricardo S\u00e1nchez. Lo recaudado ser\u00e1 donado al Hogar de Ancianos San Vicente de Paul y el Hogar de Ni\u00f1as San Jos\u00e9.<!--more--><\/p>\n<hr \/>\n<p class=\"titulonota\">El 2021 se despide como es costumbre con el tradicional partido solidario que re\u00fane a deportistas profesionales de diferentes categor\u00edas del f\u00fatbol argentino, futbolistas del \u00e1mbito local y destacados ex representantes y el pr\u00f3ximo jueves se reunir\u00e1n en el Ricardo S\u00e1nchez.<\/p>\n<p>&nbsp;<\/p>\n<p class=\"titulonota\">El pr\u00f3ximo jueves 30 de diciembre se cerrar\u00e1 el a\u00f1o desde las 18:00 con la 23\u00b0 edici\u00f3n del f\u00fatbol solidario en el Ricardo S\u00e1nchez del Club El Fort\u00edn.<\/p>\n<p>&nbsp;<\/p>\n<p><img data-recalc-dims=\"1\" loading=\"lazy\" decoding=\"async\" class=\"aligncenter size-full wp-image-10025\" src=\"https:\/\/i0.wp.com\/centraldeportes.com.ar\/wp-content\/uploads\/2021\/12\/742.jpg?resize=720%2C729\" alt=\"\" width=\"720\" height=\"729\" \/><\/p>\n<p>&nbsp;<\/p>\n<p class=\"titulonota\">La actividad solidaria organizada por Jorge Salguero reunir\u00e1 alimentos no perecederos y navide\u00f1os que ser\u00e1n donados para los Hogares de Ancianos y Ni\u00f1as y volver\u00e1 a realizarse tras la suspensi\u00f3n por la situaci\u00f3n sanitaria del 2020.<\/p>\n","protected":false},"excerpt":{"rendered":"<p>El tradicional evento solidario organizado por Jorge Salguero tendr\u00e1 el pr\u00f3ximo jueves, su 23\u00b0 edici\u00f3n en el Ricardo S\u00e1nchez. Lo<\/p>\n","protected":false},"author":96739694,"featured_media":0,"comment_status":"closed","ping_status":"closed","sticky":false,"template":"","format":"standard","meta":{"_jetpack_memberships_contains_paid_content":false,"footnotes":""},"categories":[35,37,1,41],"tags":[],"class_list":["post-145787","post","type-post","status-publish","format-standard","hentry","category-futbol","category-futbol-profesional","category-portada","category-primera-y-reserva"],"jetpack_featured_media_url":"","jetpack_sharing_enabled":true,"_links":{"self":[{"href":"https:\/\/cdnoticias.com\/index.php\/wp-json\/wp\/v2\/posts\/145787","targetHints":{"allow":["GET"]}}],"collection":[{"href":"https:\/\/cdnoticias.com\/index.php\/wp-json\/wp\/v2\/posts"}],"about":[{"href":"https:\/\/cdnoticias.com\/index.php\/wp-json\/wp\/v2\/types\/post"}],"author":[{"embeddable":true,"href":"https:\/\/cdnoticias.com\/index.php\/wp-json\/wp\/v2\/users\/96739694"}],"replies":[{"embeddable":true,"href":"https:\/\/cdnoticias.com\/index.php\/wp-json\/wp\/v2\/comments?post=145787"}],"version-history":[{"count":0,"href":"https:\/\/cdnoticias.com\/index.php\/wp-json\/wp\/v2\/posts\/145787\/revisions"}],"wp:attachment":[{"href":"https:\/\/cdnoticias.com\/index.php\/wp-json\/wp\/v2\/media?parent=145787"}],"wp:term":[{"taxonomy":"category","embeddable":true,"href":"https:\/\/cdnoticias.com\/index.php\/wp-json\/wp\/v2\/categories?post=145787"},{"taxonomy":"post_tag","embeddable":true,"href":"https:\/\/cdnoticias.com\/index.php\/wp-json\/wp\/v2\/tags?post=145787"}],"curies":[{"name":"wp","href":"https:\/\/api.w.org\/{rel}","templated":true}]}}