{"id":145777,"date":"2021-12-23T21:12:57","date_gmt":"2021-12-24T00:12:57","guid":{"rendered":"http:\/\/centraldeportes.com.ar\/?p=9935"},"modified":"2021-12-23T21:12:57","modified_gmt":"2021-12-24T00:12:57","slug":"tiene-fecha-la-copa-de-verano-de-la-asociacion-de-basquet","status":"publish","type":"post","link":"https:\/\/cdnoticias.com\/index.php\/2021\/12\/23\/tiene-fecha-la-copa-de-verano-de-la-asociacion-de-basquet\/","title":{"rendered":"Tiene fecha la Copa de Verano de la Asociaci\u00f3n de B\u00e1squet"},"content":{"rendered":"<p>La Asociaci\u00f3n de B\u00e1squet de Olavarr\u00eda defini\u00f3 la fecha y la forma de disputa de una nueva edici\u00f3n del Torneo de Verano que llevar\u00e1 el nombre \u201cCopa Centro Fitness One\u201d.<!--more--><\/p>\n<hr \/>\n<p>El pasado martes se realiz\u00f3 la tradicional reuni\u00f3n de Comisi\u00f3n Directiva y se termin\u00f3 de diagramar la primera competencia del 2021 que dar\u00e1 inicio el 19 de enero con 8 equipos buscando la \u201cCopa Centro Fitness One\u201d.<\/p>\n<p>&nbsp;<\/p>\n<p>El tradicional certamen veraniego permitir\u00e1 dos jugadores invitados y se jugar\u00e1 en dos Zonas A y B, que v\u00eda sorteo quedaron de la siguiente manera:<\/p>\n<p>Zona &#8220;A&#8221;: Estudiantes Blanco, Racing, Chacarita y El Fort\u00edn.<\/p>\n<p>Zona &#8220;B&#8221;: Estudiantes Negro, Pueblo Nuevo, Loma Negra y Ferro.<\/p>\n<p>&nbsp;<\/p>\n<p>Chacarita de Azul jugar\u00e1 siempre de visitante y los d\u00edas de disputa ser\u00e1n los d\u00edas 19 y 26 enero, 2, 9, 16 y 23 de febrero.<\/p>\n","protected":false},"excerpt":{"rendered":"<p>La Asociaci\u00f3n de B\u00e1squet de Olavarr\u00eda defini\u00f3 la fecha y la forma de disputa de una nueva edici\u00f3n del Torneo<\/p>\n","protected":false},"author":96739694,"featured_media":145778,"comment_status":"closed","ping_status":"closed","sticky":false,"template":"","format":"standard","meta":{"_jetpack_memberships_contains_paid_content":false,"footnotes":""},"categories":[31,1,43],"tags":[],"class_list":["post-145777","post","type-post","status-publish","format-standard","has-post-thumbnail","hentry","category-basquet","category-portada","category-primera"],"jetpack_featured_media_url":"https:\/\/i0.wp.com\/cdnoticias.com\/wp-content\/uploads\/2021\/12\/racin-ferro-final-4.png?fit=1280%2C853&ssl=1","jetpack_sharing_enabled":true,"_links":{"self":[{"href":"https:\/\/cdnoticias.com\/index.php\/wp-json\/wp\/v2\/posts\/145777","targetHints":{"allow":["GET"]}}],"collection":[{"href":"https:\/\/cdnoticias.com\/index.php\/wp-json\/wp\/v2\/posts"}],"about":[{"href":"https:\/\/cdnoticias.com\/index.php\/wp-json\/wp\/v2\/types\/post"}],"author":[{"embeddable":true,"href":"https:\/\/cdnoticias.com\/index.php\/wp-json\/wp\/v2\/users\/96739694"}],"replies":[{"embeddable":true,"href":"https:\/\/cdnoticias.com\/index.php\/wp-json\/wp\/v2\/comments?post=145777"}],"version-history":[{"count":0,"href":"https:\/\/cdnoticias.com\/index.php\/wp-json\/wp\/v2\/posts\/145777\/revisions"}],"wp:featuredmedia":[{"embeddable":true,"href":"https:\/\/cdnoticias.com\/index.php\/wp-json\/wp\/v2\/media\/145778"}],"wp:attachment":[{"href":"https:\/\/cdnoticias.com\/index.php\/wp-json\/wp\/v2\/media?parent=145777"}],"wp:term":[{"taxonomy":"category","embeddable":true,"href":"https:\/\/cdnoticias.com\/index.php\/wp-json\/wp\/v2\/categories?post=145777"},{"taxonomy":"post_tag","embeddable":true,"href":"https:\/\/cdnoticias.com\/index.php\/wp-json\/wp\/v2\/tags?post=145777"}],"curies":[{"name":"wp","href":"https:\/\/api.w.org\/{rel}","templated":true}]}}