{"id":14575,"date":"2021-02-24T10:49:05","date_gmt":"2021-02-24T13:49:05","guid":{"rendered":"http:\/\/www.centraldenoticias.com.ar\/?p=14575"},"modified":"2021-02-24T10:49:05","modified_gmt":"2021-02-24T13:49:05","slug":"este-miercoles-segunda-asamblea-feminista-hacia-el-8m","status":"publish","type":"post","link":"https:\/\/cdnoticias.com\/index.php\/2021\/02\/24\/este-miercoles-segunda-asamblea-feminista-hacia-el-8m\/","title":{"rendered":"Este mi\u00e9rcoles, segunda asamblea feminista hacia el 8M"},"content":{"rendered":"<p>La reuni\u00f3n se har\u00e1 este mi\u00e9rcoles a las 16 en Necochea y Brown. Adem\u00e1s, se abri\u00f3 una convocatoria a artistas, artesanxs y feriantes.<!--more--><\/p>\n<hr \/>\n<p><strong>La segunda asamblea para preparar el 8M en Olavarr\u00eda se realizar\u00e1 este mi\u00e9rcoles<\/strong>.<\/p>\n<p>La <strong>Asamblea Feminista Olavarr\u00eda<\/strong> invit\u00f3 al encuentro que tendr\u00e1 lugar en<strong> Necochea y Brown desde las 16<\/strong>.<\/p>\n<p>En ese marco, ya desde la semana pasada, se organizan actividades para el lunes 8 de marzo, D\u00eda de la Mujer.<\/p>\n<p>Adem\u00e1s, se lanz\u00f3 una <strong>convocatoria para \u201cartistas, artesanxs y feriantes para que se sumen a las actividades del 8\u201d<\/strong>. En este caso, para participar pueden contactarse al 249-4498547 \u00f3 al 2284-689741.<\/p>\n<p><img data-recalc-dims=\"1\" loading=\"lazy\" decoding=\"async\" class=\"alignnone wp-image-14577\" src=\"https:\/\/i0.wp.com\/cdnoticias.com\/wp-content\/uploads\/2021\/02\/asamblea.jpg?resize=500%2C500&#038;ssl=1\" alt=\"\" width=\"500\" height=\"500\" srcset=\"https:\/\/i0.wp.com\/cdnoticias.com\/wp-content\/uploads\/2021\/02\/asamblea.jpg?resize=300%2C300&amp;ssl=1 300w, https:\/\/i0.wp.com\/cdnoticias.com\/wp-content\/uploads\/2021\/02\/asamblea.jpg?resize=150%2C150&amp;ssl=1 150w, https:\/\/i0.wp.com\/cdnoticias.com\/wp-content\/uploads\/2021\/02\/asamblea.jpg?resize=768%2C768&amp;ssl=1 768w, https:\/\/i0.wp.com\/cdnoticias.com\/wp-content\/uploads\/2021\/02\/asamblea.jpg?resize=1024%2C1024&amp;ssl=1 1024w, https:\/\/i0.wp.com\/cdnoticias.com\/wp-content\/uploads\/2021\/02\/asamblea.jpg?w=1280&amp;ssl=1 1280w\" sizes=\"auto, (max-width: 500px) 100vw, 500px\" \/><img data-recalc-dims=\"1\" loading=\"lazy\" decoding=\"async\" class=\"alignnone wp-image-14576\" src=\"https:\/\/i0.wp.com\/cdnoticias.com\/wp-content\/uploads\/2021\/02\/WhatsApp-Image-2021-02-23-at-13.27.43.jpeg?resize=273%2C500&#038;ssl=1\" alt=\"\" width=\"273\" height=\"500\" srcset=\"https:\/\/i0.wp.com\/cdnoticias.com\/wp-content\/uploads\/2021\/02\/WhatsApp-Image-2021-02-23-at-13.27.43.jpeg?resize=164%2C300&amp;ssl=1 164w, https:\/\/i0.wp.com\/cdnoticias.com\/wp-content\/uploads\/2021\/02\/WhatsApp-Image-2021-02-23-at-13.27.43.jpeg?resize=559%2C1024&amp;ssl=1 559w, https:\/\/i0.wp.com\/cdnoticias.com\/wp-content\/uploads\/2021\/02\/WhatsApp-Image-2021-02-23-at-13.27.43.jpeg?w=699&amp;ssl=1 699w\" sizes=\"auto, (max-width: 273px) 100vw, 273px\" \/><\/p>\n","protected":false},"excerpt":{"rendered":"<p>La reuni\u00f3n se har\u00e1 este mi\u00e9rcoles a las 16 en Necochea y Brown. Adem\u00e1s, se abri\u00f3 una convocatoria a artistas,<\/p>\n","protected":false},"author":4,"featured_media":14578,"comment_status":"closed","ping_status":"closed","sticky":false,"template":"","format":"standard","meta":{"_jetpack_memberships_contains_paid_content":false,"footnotes":""},"categories":[3,1],"tags":[],"class_list":["post-14575","post","type-post","status-publish","format-standard","has-post-thumbnail","hentry","category-genero","category-portada"],"jetpack_featured_media_url":"https:\/\/i0.wp.com\/cdnoticias.com\/wp-content\/uploads\/2021\/02\/asamblea01.jpg?fit=800%2C445&ssl=1","jetpack_sharing_enabled":true,"_links":{"self":[{"href":"https:\/\/cdnoticias.com\/index.php\/wp-json\/wp\/v2\/posts\/14575","targetHints":{"allow":["GET"]}}],"collection":[{"href":"https:\/\/cdnoticias.com\/index.php\/wp-json\/wp\/v2\/posts"}],"about":[{"href":"https:\/\/cdnoticias.com\/index.php\/wp-json\/wp\/v2\/types\/post"}],"author":[{"embeddable":true,"href":"https:\/\/cdnoticias.com\/index.php\/wp-json\/wp\/v2\/users\/4"}],"replies":[{"embeddable":true,"href":"https:\/\/cdnoticias.com\/index.php\/wp-json\/wp\/v2\/comments?post=14575"}],"version-history":[{"count":0,"href":"https:\/\/cdnoticias.com\/index.php\/wp-json\/wp\/v2\/posts\/14575\/revisions"}],"wp:featuredmedia":[{"embeddable":true,"href":"https:\/\/cdnoticias.com\/index.php\/wp-json\/wp\/v2\/media\/14578"}],"wp:attachment":[{"href":"https:\/\/cdnoticias.com\/index.php\/wp-json\/wp\/v2\/media?parent=14575"}],"wp:term":[{"taxonomy":"category","embeddable":true,"href":"https:\/\/cdnoticias.com\/index.php\/wp-json\/wp\/v2\/categories?post=14575"},{"taxonomy":"post_tag","embeddable":true,"href":"https:\/\/cdnoticias.com\/index.php\/wp-json\/wp\/v2\/tags?post=14575"}],"curies":[{"name":"wp","href":"https:\/\/api.w.org\/{rel}","templated":true}]}}