{"id":145741,"date":"2021-12-25T13:45:35","date_gmt":"2021-12-25T16:45:35","guid":{"rendered":"http:\/\/centraldeportes.com.ar\/?p=9978"},"modified":"2021-12-25T13:45:35","modified_gmt":"2021-12-25T16:45:35","slug":"el-futbol-de-loma-negra-despidio-el-ano-con-agasajos","status":"publish","type":"post","link":"https:\/\/cdnoticias.com\/index.php\/2021\/12\/25\/el-futbol-de-loma-negra-despidio-el-ano-con-agasajos\/","title":{"rendered":"El f\u00fatbol de Loma Negra despidi\u00f3 el a\u00f1o con agasajos"},"content":{"rendered":"<p>Futbolistas representantes del Club Loma Negra tuvieron su cierre de a\u00f1o con una cena y entrega de reconocimientos. El lunes ser\u00e1 el turno de las Inferiores.<!--more--><\/p>\n<hr \/>\n<p>El pasado mi\u00e9rcoles, ayer los jugadores de Primera y Reserva fueron agasajados con una cena para despedir el a\u00f1o que finaliz\u00f3 con la entrega de indumentaria a los campeones de la Reserva.<\/p>\n<p>&nbsp;<\/p>\n<p>Por otro lado, el pr\u00f3ximo lunes ser\u00e1 tiempo de la despedida para las categor\u00edas formativas. Ser\u00e1 en la entidad de Villa Alfredo Fortabat desde las 18:30 y ser\u00e1 con una jornada recreativa para deportistas y padres.<\/p>\n<p>&nbsp;<\/p>\n<p><img data-recalc-dims=\"1\" loading=\"lazy\" decoding=\"async\" class=\"alignnone size-medium wp-image-9980\" src=\"https:\/\/i0.wp.com\/centraldeportes.com.ar\/wp-content\/uploads\/2021\/12\/WhatsApp-Image-2021-12-25-at-1.44.37-PM-300x300.jpeg?resize=300%2C300\" alt=\"\" width=\"300\" height=\"300\" \/><\/p>\n<p>&nbsp;<\/p>\n<p>Finalizados los juegos, se har\u00e1 entrega de un reconocimiento al mejor compa\u00f1ero y mejor asistencia de cada categor\u00eda y se realizar\u00e1n sorteos.<\/p>\n","protected":false},"excerpt":{"rendered":"<p>Futbolistas representantes del Club Loma Negra tuvieron su cierre de a\u00f1o con una cena y entrega de reconocimientos. El lunes<\/p>\n","protected":false},"author":96739694,"featured_media":145743,"comment_status":"closed","ping_status":"closed","sticky":false,"template":"","format":"standard","meta":{"_jetpack_memberships_contains_paid_content":false,"footnotes":""},"categories":[35,1,41],"tags":[],"class_list":["post-145741","post","type-post","status-publish","format-standard","has-post-thumbnail","hentry","category-futbol","category-portada","category-primera-y-reserva"],"jetpack_featured_media_url":"https:\/\/i0.wp.com\/cdnoticias.com\/wp-content\/uploads\/2021\/12\/WhatsApp-Image-2021-12-25-at-1.44.20-PM.jpeg?fit=721%2C720&ssl=1","jetpack_sharing_enabled":true,"_links":{"self":[{"href":"https:\/\/cdnoticias.com\/index.php\/wp-json\/wp\/v2\/posts\/145741","targetHints":{"allow":["GET"]}}],"collection":[{"href":"https:\/\/cdnoticias.com\/index.php\/wp-json\/wp\/v2\/posts"}],"about":[{"href":"https:\/\/cdnoticias.com\/index.php\/wp-json\/wp\/v2\/types\/post"}],"author":[{"embeddable":true,"href":"https:\/\/cdnoticias.com\/index.php\/wp-json\/wp\/v2\/users\/96739694"}],"replies":[{"embeddable":true,"href":"https:\/\/cdnoticias.com\/index.php\/wp-json\/wp\/v2\/comments?post=145741"}],"version-history":[{"count":0,"href":"https:\/\/cdnoticias.com\/index.php\/wp-json\/wp\/v2\/posts\/145741\/revisions"}],"wp:featuredmedia":[{"embeddable":true,"href":"https:\/\/cdnoticias.com\/index.php\/wp-json\/wp\/v2\/media\/145743"}],"wp:attachment":[{"href":"https:\/\/cdnoticias.com\/index.php\/wp-json\/wp\/v2\/media?parent=145741"}],"wp:term":[{"taxonomy":"category","embeddable":true,"href":"https:\/\/cdnoticias.com\/index.php\/wp-json\/wp\/v2\/categories?post=145741"},{"taxonomy":"post_tag","embeddable":true,"href":"https:\/\/cdnoticias.com\/index.php\/wp-json\/wp\/v2\/tags?post=145741"}],"curies":[{"name":"wp","href":"https:\/\/api.w.org\/{rel}","templated":true}]}}