{"id":145737,"date":"2021-12-25T13:58:21","date_gmt":"2021-12-25T16:58:21","guid":{"rendered":"http:\/\/centraldeportes.com.ar\/?p=9982"},"modified":"2021-12-25T13:58:21","modified_gmt":"2021-12-25T16:58:21","slug":"taekwondo-mas-de-60-alumnos-rindieron-en-loma-negra","status":"publish","type":"post","link":"https:\/\/cdnoticias.com\/index.php\/2021\/12\/25\/taekwondo-mas-de-60-alumnos-rindieron-en-loma-negra\/","title":{"rendered":"Taekwondo: m\u00e1s de 60 alumnos rindieron en Loma Negra"},"content":{"rendered":"<p>D\u00edas atr\u00e1s se llev\u00f3 a cabo en el Club Loma Negra una de las graduaciones m\u00e1s numerosas del pa\u00eds con la participaci\u00f3n de m\u00e1s de 60 alumnos de la ciudad y la Regi\u00f3n.<!--more--><\/p>\n<hr \/>\n<p>Organizado por el Maestro Andr\u00e9s Carosella 7\u00b0\u00a0dan y con la presencia de la mesa examinadora compuesta por Gran M\u00e1ster Villegas, Master Andr\u00e9s Carosella, Sabum Nim Juan Lopetegui, Sabum Nim Matias Moretti, Sabum Nim Jos\u00e9 Dominguez, Sabum Nim Gaston Ceccarelli, Sabum Bel\u00e9n Lopardo, Sabum Mateo Carosella, numeroso grupo de deportistas se acercaron a rendir.<\/p>\n<p>&nbsp;<\/p>\n<p>Las nuevas graduaciones son las siguientes:<\/p>\n<p>Cintur\u00f3n negro 2\u00ba dan Mateo Carosella.<\/p>\n<p>Cintur\u00f3n negro 1\u00ba dan M\u00e1ximo Plu\u00eds, Lorena Ingliso, Jos\u00e9 Donato, Nicol\u00e1s Constancio Mendoza, Santiago galli.<\/p>\n<p>Cintur\u00f3n blanco punta amarilla: Benjam\u00edn Nasello, Bautista Nasello, Joaqu\u00edn Miriuka, Tatiana Zlemberger, Lautaro Gallastegui, Santiago Quiroga, Halle Galo Garcia, Brian Barrios, Luciano Chiarenza, Iam Mato, Camila Sibiglia, Lola Sibiglia, Isaac Maiz, Santino Alvarez, Bianca Merlo, Martina San juan, Owen Arias.<\/p>\n<p>Cintur\u00f3n amarillo: Franca Pluis, Jayko Lopez, Leon Barreneche, Tob\u00edas Di Nardo, Eluney Becker, Rogelio Wilwert, Santiago Alburquerque, Manuela Ceccarelli, Mar\u00eda Elizabeth Sp\u00ednola, Diego Frank.<\/p>\n<p>Punta verde: Jos\u00e9 Vivas, Santino Castillo, Laureano Camalbide, Luciano Chiarenza, Milo Vidal,<\/p>\n<p>Cintur\u00f3n Verde: Florencia Las Heras, Simon Vargas, Valentin Olivetto, Valent\u00edn Hernando, Luka Rojas, bruno Salvaresqui. Fabricio Ingliso.<\/p>\n<p>Punta azul: Felipe Vargas, Emilio Murabito, Irina Vaquila, Lola Ingliso, Genaro Weiman.<\/p>\n<p>Cintur\u00f3n Azul: Santino Recabarren, Miqueas Echegaray, Bruno Romanelli, Joaqu\u00edn Garcia.<\/p>\n<p>Punta roja: Ger\u00f3nimo Lucero, Fabi\u00e1n Alzogaray.<\/p>\n<p>Cintur\u00f3n Rojo: Macarena Carosella, Alexis Pedercen, Gonzalo Salvaresqui.<\/p>\n<p>Punta negra: Santiago Galbucera, Miqueas Becker, Benicio Moetti, Rom\u00e1n Grassetti.<\/p>\n<p>&nbsp;<\/p>\n","protected":false},"excerpt":{"rendered":"<p>D\u00edas atr\u00e1s se llev\u00f3 a cabo en el Club Loma Negra una de las graduaciones m\u00e1s numerosas del pa\u00eds con<\/p>\n","protected":false},"author":96739694,"featured_media":145738,"comment_status":"closed","ping_status":"closed","sticky":false,"template":"","format":"standard","meta":{"_jetpack_memberships_contains_paid_content":false,"footnotes":""},"categories":[30,1],"tags":[],"class_list":["post-145737","post","type-post","status-publish","format-standard","has-post-thumbnail","hentry","category-polideportivo","category-portada"],"jetpack_featured_media_url":"https:\/\/i0.wp.com\/cdnoticias.com\/wp-content\/uploads\/2021\/12\/WhatsApp-Image-2021-12-25-at-1.57.26-PM.jpeg?fit=1280%2C960&ssl=1","jetpack_sharing_enabled":true,"_links":{"self":[{"href":"https:\/\/cdnoticias.com\/index.php\/wp-json\/wp\/v2\/posts\/145737","targetHints":{"allow":["GET"]}}],"collection":[{"href":"https:\/\/cdnoticias.com\/index.php\/wp-json\/wp\/v2\/posts"}],"about":[{"href":"https:\/\/cdnoticias.com\/index.php\/wp-json\/wp\/v2\/types\/post"}],"author":[{"embeddable":true,"href":"https:\/\/cdnoticias.com\/index.php\/wp-json\/wp\/v2\/users\/96739694"}],"replies":[{"embeddable":true,"href":"https:\/\/cdnoticias.com\/index.php\/wp-json\/wp\/v2\/comments?post=145737"}],"version-history":[{"count":0,"href":"https:\/\/cdnoticias.com\/index.php\/wp-json\/wp\/v2\/posts\/145737\/revisions"}],"wp:featuredmedia":[{"embeddable":true,"href":"https:\/\/cdnoticias.com\/index.php\/wp-json\/wp\/v2\/media\/145738"}],"wp:attachment":[{"href":"https:\/\/cdnoticias.com\/index.php\/wp-json\/wp\/v2\/media?parent=145737"}],"wp:term":[{"taxonomy":"category","embeddable":true,"href":"https:\/\/cdnoticias.com\/index.php\/wp-json\/wp\/v2\/categories?post=145737"},{"taxonomy":"post_tag","embeddable":true,"href":"https:\/\/cdnoticias.com\/index.php\/wp-json\/wp\/v2\/tags?post=145737"}],"curies":[{"name":"wp","href":"https:\/\/api.w.org\/{rel}","templated":true}]}}