{"id":145705,"date":"2021-12-22T19:31:21","date_gmt":"2021-12-22T22:31:21","guid":{"rendered":"http:\/\/centraldeportes.com.ar\/?p=9907"},"modified":"2021-12-22T19:31:21","modified_gmt":"2021-12-22T22:31:21","slug":"tenis-se-jugo-el-master-final-de-menores","status":"publish","type":"post","link":"https:\/\/cdnoticias.com\/index.php\/2021\/12\/22\/tenis-se-jugo-el-master-final-de-menores\/","title":{"rendered":"Tenis: se jug\u00f3 el M\u00e1ster Final de Menores"},"content":{"rendered":"<p>Entre s\u00e1bado y domingo pasado lleg\u00f3 a su fin la temporada para los tenistas en formaci\u00f3n con la disputa del M\u00e1ster.<!--more--><\/p>\n<hr \/>\n<p>En los courts del Club Loma Negra se jug\u00f3 el M\u00e1ster Final de Menores.<\/p>\n<p>&nbsp;<\/p>\n<p>Organizado por la Liga Olavarriense de Tenis y como actividad culmine de la temporada, jugaron todas las categor\u00edas formativas.<\/p>\n<p>&nbsp;<\/p>\n<p>Los resultados:<\/p>\n<p>Sub10 b<\/p>\n<p>1\u00ba Francisco Elstein (E)<\/p>\n<p>2\u00ba Giuliano Curra (E)<\/p>\n<p>Sub10 c<\/p>\n<p>1\u00b0 Ignacio Tessone (E)<\/p>\n<p>2\u00ba Lautaro Alem (E)<\/p>\n<p>Sub.12 b<\/p>\n<p>1\u00ba Valent\u00edn Vitale (E)<\/p>\n<p>2\u00ba Agust\u00edn Alem (E)<\/p>\n<p>Sub.12 c<\/p>\n<p>1\u00ba Facundo Wagner (E)<\/p>\n<p>2\u00ba Pedro Sarra (E)<\/p>\n<p>Sub.14 b<\/p>\n<p>1\u00ba Thiago Aguirre (R)<\/p>\n<p>2\u00ba M\u00e1ximo Le\u00f3n (R)<\/p>\n<p>Sub16.b<\/p>\n<p>1\u00ba Ferm\u00edn Areco (LN)<\/p>\n<p>2\u00ba Mat\u00edas Griffith (LP)<\/p>\n<p>Sub16 c<\/p>\n<p>1\u00ba Gino Di Lernia (R)<\/p>\n<p>2\u00ba Gonzalo Gamberini (FCS)<\/p>\n<p>Sub18<\/p>\n<p>1\u00ba\u00a0 Juan Prediger (FCS)<\/p>\n<p>2\u00ba Bryarton L\u00f3pez (R)<\/p>\n<p>Sub14 b<\/p>\n<p>1\u00ba. Thomas Padin (FCS)<\/p>\n<p>2\u00ba. Sof\u00eda Juanolo (FCS)<\/p>\n<p>Ni\u00f1as C<\/p>\n<p>1\u00aa Paulina Aguirre (R)<\/p>\n<p>2\u00aa Pamela Marote (LN)<\/p>\n","protected":false},"excerpt":{"rendered":"<p>Entre s\u00e1bado y domingo pasado lleg\u00f3 a su fin la temporada para los tenistas en formaci\u00f3n con la disputa del<\/p>\n","protected":false},"author":96739694,"featured_media":145706,"comment_status":"closed","ping_status":"closed","sticky":false,"template":"","format":"standard","meta":{"_jetpack_memberships_contains_paid_content":false,"footnotes":""},"categories":[30,1],"tags":[],"class_list":["post-145705","post","type-post","status-publish","format-standard","has-post-thumbnail","hentry","category-polideportivo","category-portada"],"jetpack_featured_media_url":"https:\/\/i0.wp.com\/cdnoticias.com\/wp-content\/uploads\/2021\/12\/1-1.png?fit=800%2C445&ssl=1","jetpack_sharing_enabled":true,"_links":{"self":[{"href":"https:\/\/cdnoticias.com\/index.php\/wp-json\/wp\/v2\/posts\/145705","targetHints":{"allow":["GET"]}}],"collection":[{"href":"https:\/\/cdnoticias.com\/index.php\/wp-json\/wp\/v2\/posts"}],"about":[{"href":"https:\/\/cdnoticias.com\/index.php\/wp-json\/wp\/v2\/types\/post"}],"author":[{"embeddable":true,"href":"https:\/\/cdnoticias.com\/index.php\/wp-json\/wp\/v2\/users\/96739694"}],"replies":[{"embeddable":true,"href":"https:\/\/cdnoticias.com\/index.php\/wp-json\/wp\/v2\/comments?post=145705"}],"version-history":[{"count":0,"href":"https:\/\/cdnoticias.com\/index.php\/wp-json\/wp\/v2\/posts\/145705\/revisions"}],"wp:featuredmedia":[{"embeddable":true,"href":"https:\/\/cdnoticias.com\/index.php\/wp-json\/wp\/v2\/media\/145706"}],"wp:attachment":[{"href":"https:\/\/cdnoticias.com\/index.php\/wp-json\/wp\/v2\/media?parent=145705"}],"wp:term":[{"taxonomy":"category","embeddable":true,"href":"https:\/\/cdnoticias.com\/index.php\/wp-json\/wp\/v2\/categories?post=145705"},{"taxonomy":"post_tag","embeddable":true,"href":"https:\/\/cdnoticias.com\/index.php\/wp-json\/wp\/v2\/tags?post=145705"}],"curies":[{"name":"wp","href":"https:\/\/api.w.org\/{rel}","templated":true}]}}