{"id":145686,"date":"2021-12-23T19:03:00","date_gmt":"2021-12-23T22:03:00","guid":{"rendered":"http:\/\/centraldeportes.com.ar\/?p=9926"},"modified":"2021-12-23T19:03:00","modified_gmt":"2021-12-23T22:03:00","slug":"handball-fin-de-la-actividad-para-estudiantes","status":"publish","type":"post","link":"https:\/\/cdnoticias.com\/index.php\/2021\/12\/23\/handball-fin-de-la-actividad-para-estudiantes\/","title":{"rendered":"Handball: fin de la actividad para Estudiantes"},"content":{"rendered":"<p>El pasado fin de semana hubo m\u00e1s definiciones de S\u00faper4 organizado por la Asociaci\u00f3n Amiga del Balonmano y cont\u00f3 con la participaci\u00f3n de Estudiantes.<!--more--><\/p>\n<hr \/>\n<p>En Tapalqu\u00e9, durante el transcurso del s\u00e1bado, se disput\u00f3 el final four de juveniles masculino y Estudiantes termin\u00f3 en el tercer puesto con una gran actuaci\u00f3n. En primer lugar, perdieron en un ajustado 24 a 22 ante Riestra.<\/p>\n<p>Por el \u00faltimo lugar del podio, el equipo de Olavarr\u00eda venci\u00f3 al local por 23 a 22.<\/p>\n<p>&nbsp;<\/p>\n<p>El equipo estuvo conformado por: I\u00f1aki Echeverr\u00eda, Federico Letier, Marcos Mena, Miqueas Hojman, Federico Vi\u00f1uales, Ulises Pagano, Francisco Rossini, Santiago White Vales, Luciano Pagano, Facundo Schilling, Mart\u00edn Zalazar, Agust\u00edn Befumo y Luca Oyarz\u00fa. DT: Agust\u00edn Iglesias.<\/p>\n<p>&nbsp;<\/p>\n<p>Adem\u00e1s, el domingo, se jug\u00f3 el S\u00faper4 para la categor\u00eda de Cadetes y Estudiantes finaliz\u00f3 en cuarto puesto tanto en Damas como en Caballeros. Por un lado, las Damas, cayeron en semifinales ante Chivilcoy y luego, tambi\u00e9n fue derrota frente a Tapalqu\u00e9 en el partido por el tercer y cuarto puesto.<\/p>\n<p>&nbsp;<\/p>\n<p>Por el lado de Caballeros, perdieron con Riestra en semifinales y en el \u00faltimo juego cayeron frente a Rivadavia de Lincoln.<\/p>\n<p>&nbsp;<\/p>\n<p>Plantel femenino: Trinidad Comai, Emilia Cantori, Milagros Tasso, Josefina Borda, Bel\u00e9n C\u00f3rdoba, Trinidad Caj\u00e9n, Martina Scuffi, Uma Gonz\u00e1lez, Roc\u00edo Del Valle y Martina Bahumler. DT: Rodrigo Rom\u00e1n.<\/p>\n<p>&nbsp;<\/p>\n<p>Plantel Masculino: Lautaro Weimann, Santiago Del Valle, Ulises Pagano, Santiago White Vales, Miqueas Hojman, Tom\u00e1s Oreggioni, Bautista Moncany, Adriano Di Uono, Agust\u00edn Arouxet, Ciro Espil, Nicol\u00e1s Varela y Jos\u00e9 Ignacio Rull. DT: Agust\u00edn Iglesias.<\/p>\n","protected":false},"excerpt":{"rendered":"<p>El pasado fin de semana hubo m\u00e1s definiciones de S\u00faper4 organizado por la Asociaci\u00f3n Amiga del Balonmano y cont\u00f3 con<\/p>\n","protected":false},"author":96739694,"featured_media":0,"comment_status":"closed","ping_status":"closed","sticky":false,"template":"","format":"standard","meta":{"_jetpack_memberships_contains_paid_content":false,"footnotes":""},"categories":[30,1],"tags":[],"class_list":["post-145686","post","type-post","status-publish","format-standard","hentry","category-polideportivo","category-portada"],"jetpack_featured_media_url":"","jetpack_sharing_enabled":true,"_links":{"self":[{"href":"https:\/\/cdnoticias.com\/index.php\/wp-json\/wp\/v2\/posts\/145686","targetHints":{"allow":["GET"]}}],"collection":[{"href":"https:\/\/cdnoticias.com\/index.php\/wp-json\/wp\/v2\/posts"}],"about":[{"href":"https:\/\/cdnoticias.com\/index.php\/wp-json\/wp\/v2\/types\/post"}],"author":[{"embeddable":true,"href":"https:\/\/cdnoticias.com\/index.php\/wp-json\/wp\/v2\/users\/96739694"}],"replies":[{"embeddable":true,"href":"https:\/\/cdnoticias.com\/index.php\/wp-json\/wp\/v2\/comments?post=145686"}],"version-history":[{"count":0,"href":"https:\/\/cdnoticias.com\/index.php\/wp-json\/wp\/v2\/posts\/145686\/revisions"}],"wp:attachment":[{"href":"https:\/\/cdnoticias.com\/index.php\/wp-json\/wp\/v2\/media?parent=145686"}],"wp:term":[{"taxonomy":"category","embeddable":true,"href":"https:\/\/cdnoticias.com\/index.php\/wp-json\/wp\/v2\/categories?post=145686"},{"taxonomy":"post_tag","embeddable":true,"href":"https:\/\/cdnoticias.com\/index.php\/wp-json\/wp\/v2\/tags?post=145686"}],"curies":[{"name":"wp","href":"https:\/\/api.w.org\/{rel}","templated":true}]}}