{"id":145684,"date":"2022-03-16T18:59:37","date_gmt":"2022-03-16T21:59:37","guid":{"rendered":"http:\/\/centraldeportes.com.ar\/?p=12958"},"modified":"2022-03-16T18:59:37","modified_gmt":"2022-03-16T21:59:37","slug":"los-profes-de-formemos-un-equipo-tuvieron-una-charla-con-especialistas","status":"publish","type":"post","link":"https:\/\/cdnoticias.com\/index.php\/2022\/03\/16\/los-profes-de-formemos-un-equipo-tuvieron-una-charla-con-especialistas\/","title":{"rendered":"Los \u201cprofes\u201d de \u201cFormemos un Equipo\u201d tuvieron una charla con especialistas"},"content":{"rendered":"<p>Profesores de Racing Club tuvieron d\u00edas atr\u00e1s una charla de capacitaci\u00f3n con profesionales que llevan a cabo el Programa de Promoci\u00f3n de Derechos para Personas con Discapacidad y Personas Mayores.<!--more--><\/p>\n<hr \/>\n<p>El Municipio brind\u00f3 una charla participativa en instalaciones de Racing que estuvo destinada a profesores que integran el programa \u201cFormemos un Equipo\u201d.<\/p>\n<p>&nbsp;<\/p>\n<p>La charla organizada por el Programa de Promoci\u00f3n de Derechos para Personas con Discapacidad y Personas Mayores estuvo destinada a los profesionales que brindan desde el a\u00f1o pasado actividades deportivas inclusivas para personas con discapacidad.<\/p>\n<p>&nbsp;<\/p>\n<p>Durante el encuentro, pusieron en com\u00fan sus l\u00edneas de trabajo, e intercambiaron experiencias en materia de discapacidad y deporte.<\/p>\n<p>&nbsp;<\/p>\n<p>Desde el Programa, ofrecieron todos los recursos institucionales y asesoramiento para las situaciones que surjan, o para la realizaci\u00f3n de actividades puntuales en materia de promoci\u00f3n de derechos.<\/p>\n","protected":false},"excerpt":{"rendered":"<p>Profesores de Racing Club tuvieron d\u00edas atr\u00e1s una charla de capacitaci\u00f3n con profesionales que llevan a cabo el Programa de<\/p>\n","protected":false},"author":96739694,"featured_media":145685,"comment_status":"closed","ping_status":"closed","sticky":false,"template":"","format":"standard","meta":{"_jetpack_memberships_contains_paid_content":false,"footnotes":""},"categories":[30,1],"tags":[],"class_list":["post-145684","post","type-post","status-publish","format-standard","has-post-thumbnail","hentry","category-polideportivo","category-portada"],"jetpack_featured_media_url":"https:\/\/i0.wp.com\/cdnoticias.com\/wp-content\/uploads\/2022\/03\/275390562_268924832081671_7323528395876977131_n.jpg?fit=1024%2C768&ssl=1","jetpack_sharing_enabled":true,"_links":{"self":[{"href":"https:\/\/cdnoticias.com\/index.php\/wp-json\/wp\/v2\/posts\/145684","targetHints":{"allow":["GET"]}}],"collection":[{"href":"https:\/\/cdnoticias.com\/index.php\/wp-json\/wp\/v2\/posts"}],"about":[{"href":"https:\/\/cdnoticias.com\/index.php\/wp-json\/wp\/v2\/types\/post"}],"author":[{"embeddable":true,"href":"https:\/\/cdnoticias.com\/index.php\/wp-json\/wp\/v2\/users\/96739694"}],"replies":[{"embeddable":true,"href":"https:\/\/cdnoticias.com\/index.php\/wp-json\/wp\/v2\/comments?post=145684"}],"version-history":[{"count":0,"href":"https:\/\/cdnoticias.com\/index.php\/wp-json\/wp\/v2\/posts\/145684\/revisions"}],"wp:featuredmedia":[{"embeddable":true,"href":"https:\/\/cdnoticias.com\/index.php\/wp-json\/wp\/v2\/media\/145685"}],"wp:attachment":[{"href":"https:\/\/cdnoticias.com\/index.php\/wp-json\/wp\/v2\/media?parent=145684"}],"wp:term":[{"taxonomy":"category","embeddable":true,"href":"https:\/\/cdnoticias.com\/index.php\/wp-json\/wp\/v2\/categories?post=145684"},{"taxonomy":"post_tag","embeddable":true,"href":"https:\/\/cdnoticias.com\/index.php\/wp-json\/wp\/v2\/tags?post=145684"}],"curies":[{"name":"wp","href":"https:\/\/api.w.org\/{rel}","templated":true}]}}