{"id":145623,"date":"2021-12-21T19:30:00","date_gmt":"2021-12-21T22:30:00","guid":{"rendered":"http:\/\/centraldeportes.com.ar\/?p=9892"},"modified":"2021-12-21T19:30:00","modified_gmt":"2021-12-21T22:30:00","slug":"rivales-confirmados-para-ferro-y-embajadores","status":"publish","type":"post","link":"https:\/\/cdnoticias.com\/index.php\/2021\/12\/21\/rivales-confirmados-para-ferro-y-embajadores\/","title":{"rendered":"Rivales confirmados para Ferro y Embajadores"},"content":{"rendered":"<p>Se dieron a conocer los rivales para los dos representantes olavarrienses en lo que viene para el Torneo Regional Amateur. Ferro cerrar\u00e1 la serie de local y Embajadores iniciar\u00e1 la llave en la Ciudad.<!--more--><\/p>\n<hr \/>\n<p>Luego de asegurarse sus clasificaciones, Ferro con un empate y Embajadores venciendo a Racing, ya conocen sus rivales para la primera ronda eliminatoria de la Regi\u00f3n Pampeana Sur que se disputar\u00e1n el 9 y el 16 de enero.<\/p>\n<p>&nbsp;<\/p>\n<p>El \u201cCarbonero\u201d, con el 1 confirmado de la Zona 4, enfrentar\u00e1 a Alvear Football Club. La llave comenzar\u00e1 en Intendente Alvear y se definir\u00e1 en el Domingo Colasurdo.<\/p>\n<p>&nbsp;<\/p>\n<p>Por otro lado, Embajadores recibir\u00e1 a Costa Brava en el Tete Di Carlo en el primero de los partidos y luego viajar\u00e1 a General Pico para tratar de seguir en competencia.<\/p>\n<p>&nbsp;<\/p>\n<p>Adem\u00e1s, el Torneo Regional Amateur tendr\u00e1 una segunda ronda eliminatoria el 23 y el 30 de enero.<\/p>\n","protected":false},"excerpt":{"rendered":"<p>Se dieron a conocer los rivales para los dos representantes olavarrienses en lo que viene para el Torneo Regional Amateur.<\/p>\n","protected":false},"author":96739694,"featured_media":145624,"comment_status":"closed","ping_status":"closed","sticky":false,"template":"","format":"standard","meta":{"_jetpack_memberships_contains_paid_content":false,"footnotes":""},"categories":[35,1,54],"tags":[],"class_list":["post-145623","post","type-post","status-publish","format-standard","has-post-thumbnail","hentry","category-futbol","category-portada","category-torneo-regional-amateur"],"jetpack_featured_media_url":"https:\/\/i0.wp.com\/cdnoticias.com\/wp-content\/uploads\/2021\/12\/ceo-ferro-torneo-6.png?fit=1280%2C853&ssl=1","jetpack_sharing_enabled":true,"_links":{"self":[{"href":"https:\/\/cdnoticias.com\/index.php\/wp-json\/wp\/v2\/posts\/145623","targetHints":{"allow":["GET"]}}],"collection":[{"href":"https:\/\/cdnoticias.com\/index.php\/wp-json\/wp\/v2\/posts"}],"about":[{"href":"https:\/\/cdnoticias.com\/index.php\/wp-json\/wp\/v2\/types\/post"}],"author":[{"embeddable":true,"href":"https:\/\/cdnoticias.com\/index.php\/wp-json\/wp\/v2\/users\/96739694"}],"replies":[{"embeddable":true,"href":"https:\/\/cdnoticias.com\/index.php\/wp-json\/wp\/v2\/comments?post=145623"}],"version-history":[{"count":0,"href":"https:\/\/cdnoticias.com\/index.php\/wp-json\/wp\/v2\/posts\/145623\/revisions"}],"wp:featuredmedia":[{"embeddable":true,"href":"https:\/\/cdnoticias.com\/index.php\/wp-json\/wp\/v2\/media\/145624"}],"wp:attachment":[{"href":"https:\/\/cdnoticias.com\/index.php\/wp-json\/wp\/v2\/media?parent=145623"}],"wp:term":[{"taxonomy":"category","embeddable":true,"href":"https:\/\/cdnoticias.com\/index.php\/wp-json\/wp\/v2\/categories?post=145623"},{"taxonomy":"post_tag","embeddable":true,"href":"https:\/\/cdnoticias.com\/index.php\/wp-json\/wp\/v2\/tags?post=145623"}],"curies":[{"name":"wp","href":"https:\/\/api.w.org\/{rel}","templated":true}]}}