{"id":145619,"date":"2022-03-15T17:55:42","date_gmt":"2022-03-15T20:55:42","guid":{"rendered":"http:\/\/centraldeportes.com.ar\/?p=12920"},"modified":"2022-03-15T17:55:42","modified_gmt":"2022-03-15T20:55:42","slug":"comunicaciones-no-lo-supo-aguantar-y-corto-la-racha","status":"publish","type":"post","link":"https:\/\/cdnoticias.com\/index.php\/2022\/03\/15\/comunicaciones-no-lo-supo-aguantar-y-corto-la-racha\/","title":{"rendered":"Comunicaciones no lo supo aguantar y cort\u00f3 la racha"},"content":{"rendered":"<p>En la noche del lunes, Comunicaciones volvi\u00f3 a presentarse por La Liga Nacional y se termin\u00f3 la racha de victorias al caer ante Regatas por 86 a 82.<!--more--><\/p>\n<hr \/>\n<p>Comunicaciones no pudo sumar su tercera victoria consecutiva en condici\u00f3n de local y cedi\u00f3 ante Regatas que logr\u00f3 remontar una distancia de 18 puntos en el segundo tiempo.<\/p>\n<p>&nbsp;<\/p>\n<p>Alejandro Diez, en los mercedinos, complet\u00f3 36:15 minutos con 14 puntos, 7 rebotes y 5 asistencias.<\/p>\n<p>&nbsp;<\/p>\n<p>El \u201caurinegro\u201d volver\u00e1 a presentarse el pr\u00f3ximo mi\u00e9rcoles y tambi\u00e9n ser\u00e1 turno para Pe\u00f1arol con Bruno Sansimoni y Federico Mar\u00edn.<\/p>\n","protected":false},"excerpt":{"rendered":"<p>En la noche del lunes, Comunicaciones volvi\u00f3 a presentarse por La Liga Nacional y se termin\u00f3 la racha de victorias<\/p>\n","protected":false},"author":96739694,"featured_media":145621,"comment_status":"closed","ping_status":"closed","sticky":false,"template":"","format":"standard","meta":{"_jetpack_memberships_contains_paid_content":false,"footnotes":""},"categories":[31,36,1],"tags":[],"class_list":["post-145619","post","type-post","status-publish","format-standard","has-post-thumbnail","hentry","category-basquet","category-liga-nacional","category-portada"],"jetpack_featured_media_url":"https:\/\/i0.wp.com\/cdnoticias.com\/wp-content\/uploads\/2022\/03\/dsc_0113_g3-scaled.jpg?fit=2560%2C1567&ssl=1","jetpack_sharing_enabled":true,"_links":{"self":[{"href":"https:\/\/cdnoticias.com\/index.php\/wp-json\/wp\/v2\/posts\/145619","targetHints":{"allow":["GET"]}}],"collection":[{"href":"https:\/\/cdnoticias.com\/index.php\/wp-json\/wp\/v2\/posts"}],"about":[{"href":"https:\/\/cdnoticias.com\/index.php\/wp-json\/wp\/v2\/types\/post"}],"author":[{"embeddable":true,"href":"https:\/\/cdnoticias.com\/index.php\/wp-json\/wp\/v2\/users\/96739694"}],"replies":[{"embeddable":true,"href":"https:\/\/cdnoticias.com\/index.php\/wp-json\/wp\/v2\/comments?post=145619"}],"version-history":[{"count":0,"href":"https:\/\/cdnoticias.com\/index.php\/wp-json\/wp\/v2\/posts\/145619\/revisions"}],"wp:featuredmedia":[{"embeddable":true,"href":"https:\/\/cdnoticias.com\/index.php\/wp-json\/wp\/v2\/media\/145621"}],"wp:attachment":[{"href":"https:\/\/cdnoticias.com\/index.php\/wp-json\/wp\/v2\/media?parent=145619"}],"wp:term":[{"taxonomy":"category","embeddable":true,"href":"https:\/\/cdnoticias.com\/index.php\/wp-json\/wp\/v2\/categories?post=145619"},{"taxonomy":"post_tag","embeddable":true,"href":"https:\/\/cdnoticias.com\/index.php\/wp-json\/wp\/v2\/tags?post=145619"}],"curies":[{"name":"wp","href":"https:\/\/api.w.org\/{rel}","templated":true}]}}