{"id":145579,"date":"2021-12-19T16:09:29","date_gmt":"2021-12-19T19:09:29","guid":{"rendered":"http:\/\/centraldeportes.com.ar\/?p=9723"},"modified":"2025-02-02T01:40:49","modified_gmt":"2025-02-02T04:40:49","slug":"exhibicion-y-cierre-de-ano-en-el-trinquete-bataraz","status":"publish","type":"post","link":"https:\/\/cdnoticias.com\/index.php\/2021\/12\/19\/exhibicion-y-cierre-de-ano-en-el-trinquete-bataraz\/","title":{"rendered":"Exhibici\u00f3n y cierre de a\u00f1o en el trinquete \u201cBataraz\u201d"},"content":{"rendered":"<p>El pasado viernes se realiz\u00f3 el cierre de a\u00f1o para los pelotaris del Club Estudiantes con la presencia de Walter Larregle que fue parte de una exhibici\u00f3n.<!--more--><\/p>\n<hr \/>\n<p>&nbsp;<\/p>\n<p>En el trinquete de Estudiantes hubo un evento que cont\u00f3 con la presencia de Walter Larregle, quien disput\u00f3 una exhibici\u00f3n junto a Carlos Vieira. Enfrentaron a Daniel Vieira y Amadeo Flores, y un vibrante partido, el gran campe\u00f3n sac\u00f3 todo su potencia y lo ganaron por 25 a 23.<\/p>\n<p>&nbsp;<\/p>\n\n<p>&nbsp;<\/p>\n<p>Previo a esto se disputaron dos grandes partidos, con la presencia de Federico Carest\u00eda como anfitri\u00f3n.<\/p>\n<p>&nbsp;<\/p>\n<p>Al finalizar la jornada de partidos, todos los asistentes, junto a los familiares, homenajearon en una cena a \u201cCachi\u201d Pardo en el buffet del club y de esta manera culmin\u00f3 el gran a\u00f1o con creces para la pelota paleta del CAE, comandada por el profesor Carlos Montero.<\/p>\n","protected":false},"excerpt":{"rendered":"<p>El pasado viernes se realiz\u00f3 el cierre de a\u00f1o para los pelotaris del Club Estudiantes con la presencia de Walter<\/p>\n","protected":false},"author":96739694,"featured_media":145581,"comment_status":"closed","ping_status":"closed","sticky":false,"template":"","format":"standard","meta":{"_jetpack_memberships_contains_paid_content":false,"footnotes":""},"categories":[30,1],"tags":[],"class_list":["post-145579","post","type-post","status-publish","format-standard","has-post-thumbnail","hentry","category-polideportivo","category-portada"],"jetpack_featured_media_url":"https:\/\/i0.wp.com\/cdnoticias.com\/wp-content\/uploads\/2021\/12\/WhatsApp-Image-2021-12-18-at-16.38.40.jpeg?fit=1280%2C853&ssl=1","jetpack_sharing_enabled":true,"_links":{"self":[{"href":"https:\/\/cdnoticias.com\/index.php\/wp-json\/wp\/v2\/posts\/145579","targetHints":{"allow":["GET"]}}],"collection":[{"href":"https:\/\/cdnoticias.com\/index.php\/wp-json\/wp\/v2\/posts"}],"about":[{"href":"https:\/\/cdnoticias.com\/index.php\/wp-json\/wp\/v2\/types\/post"}],"author":[{"embeddable":true,"href":"https:\/\/cdnoticias.com\/index.php\/wp-json\/wp\/v2\/users\/96739694"}],"replies":[{"embeddable":true,"href":"https:\/\/cdnoticias.com\/index.php\/wp-json\/wp\/v2\/comments?post=145579"}],"version-history":[{"count":0,"href":"https:\/\/cdnoticias.com\/index.php\/wp-json\/wp\/v2\/posts\/145579\/revisions"}],"wp:featuredmedia":[{"embeddable":true,"href":"https:\/\/cdnoticias.com\/index.php\/wp-json\/wp\/v2\/media\/145581"}],"wp:attachment":[{"href":"https:\/\/cdnoticias.com\/index.php\/wp-json\/wp\/v2\/media?parent=145579"}],"wp:term":[{"taxonomy":"category","embeddable":true,"href":"https:\/\/cdnoticias.com\/index.php\/wp-json\/wp\/v2\/categories?post=145579"},{"taxonomy":"post_tag","embeddable":true,"href":"https:\/\/cdnoticias.com\/index.php\/wp-json\/wp\/v2\/tags?post=145579"}],"curies":[{"name":"wp","href":"https:\/\/api.w.org\/{rel}","templated":true}]}}