{"id":145485,"date":"2021-12-17T22:10:50","date_gmt":"2021-12-18T01:10:50","guid":{"rendered":"http:\/\/centraldeportes.com.ar\/?p=9673"},"modified":"2021-12-17T22:10:50","modified_gmt":"2021-12-18T01:10:50","slug":"final-four-racing-empezo-con-festejo","status":"publish","type":"post","link":"https:\/\/cdnoticias.com\/index.php\/2021\/12\/17\/final-four-racing-empezo-con-festejo\/","title":{"rendered":"Final Four: Racing empez\u00f3 con festejo"},"content":{"rendered":"<p>En Jun\u00edn dio inicio la definici\u00f3n del Torneo Provincial de Clubes y en el primero de los partidos, Racing logr\u00f3 vencer a Independiente por 63 a 68.<!--more--><\/p>\n<hr \/>\n<p>En el gimnasio del Club Los Indios, el \u201cChaira\u201d logr\u00f3 iniciar la competencia con un importante triunfo en un cotejo poco vistoso, friccionado y que dio cuenta lo mucho que se conoc\u00edan los equipos.<\/p>\n<p>&nbsp;<\/p>\n<p>Inici\u00f3 mejor Racing convirtiendo en sus primeros ataques y forzando los errores de Independiente, pero el \u201cRojo\u201d reaccion\u00f3 y con triples y un parcial de 14 a 4 pas\u00f3 al frente para despu\u00e9s demostrar la paridad existente entre los dos equipos y que los nervios de una definici\u00f3n dijeron presente con muchas p\u00e9rdidas y yerros que decretaron la igualdad en 16.<\/p>\n<p>&nbsp;<\/p>\n<p><img data-recalc-dims=\"1\" loading=\"lazy\" decoding=\"async\" class=\"aligncenter size-full wp-image-9675\" src=\"https:\/\/i0.wp.com\/centraldeportes.com.ar\/wp-content\/uploads\/2021\/12\/WhatsApp-Image-2021-12-17-at-22.00.55.jpeg?resize=800%2C600\" alt=\"\" width=\"800\" height=\"600\" \/><\/p>\n<p>&nbsp;<\/p>\n<p>En el comienzo del segundo periodo, los guiados por Nicol\u00e1s Rusconi pasaron al frente con una buena seguidilla de Tantos y Harstock, mientras que a los olavarrienses les cost\u00f3 convertir y reci\u00e9n sobre el cierre del parcial encontraron la v\u00eda de gol desde el juego interior para seguir en pardas de cara al descanso largo con un \u201cbombazo\u201d de Weisbeck desde su propio campo.<\/p>\n<p>&nbsp;<\/p>\n<p>La tercera parte no vari\u00f3 en el tr\u00e1mite, a los dos equipos clasificados desde la Zona Sur les cost\u00f3 convertir y llegado la mitad del periodo s\u00f3lo hab\u00edan marcado 5 puntos entre los dos, pero el elenco de la \u201cestrellita\u201d logr\u00f3 una peque\u00f1a luz, lleg\u00f3 a marcar la m\u00e1xima de 9 unidad y logr\u00f3 mantener de cara al \u00faltimo cuarto cerrando 44 \u2013 50.<\/p>\n<p>&nbsp;<\/p>\n<p>Ya en los \u00faltimos 10 minutos, siguieron apareciendo las \u201cr\u00e1fagas\u201d, iniciaron los de Tandil no dejaron escapar a su rival y marcar la igualdad, pero Nolasco apareci\u00f3 en el elenco guiado por Mat\u00edas Orlando y con algunos dobles y varios tiros libres empez\u00f3 a inclinar la balanza a favor del \u201cChaira\u201d, partido que sentenciaron Weisbeck y Lorenzo desde la l\u00ednea a pesar del triple de Lanusse que le puso suspenso a la definici\u00f3n.<\/p>\n<div class=\"tiled-gallery type-rectangular tiled-gallery-unresized\" data-original-width=\"800\" data-carousel-extra='null' itemscope itemtype=\"http:\/\/schema.org\/ImageGallery\" > <div class=\"gallery-row\" style=\"width: 800px; height: 452px;\" data-original-width=\"800\" data-original-height=\"452\" > <div class=\"gallery-group images-1\" style=\"width: 800px; height: 452px;\" data-original-width=\"800\" data-original-height=\"452\" > <div class=\"tiled-gallery-item tiled-gallery-item-large\" itemprop=\"associatedMedia\" itemscope itemtype=\"http:\/\/schema.org\/ImageObject\"> <a href=\"https:\/\/i0.wp.com\/cdnoticias.com\/wp-content\/uploads\/2020\/12\/WhatsApp-Image-2020-12-22-at-14.46.48-2.jpeg?ssl=1\" border=\"0\" itemprop=\"url\"> <meta itemprop=\"width\" content=\"796\"> <meta itemprop=\"height\" content=\"448\"> <img decoding=\"async\" class=\"\" data-attachment-id=\"9676\" data-orig-file=\"https:\/\/cdnoticias.com\/wp-content\/uploads\/2020\/12\/WhatsApp-Image-2020-12-22-at-14.46.48-2.jpeg\" data-orig-size=\"1280,720\" data-comments-opened=\"\" data-image-meta=\"{&quot;aperture&quot;:&quot;0&quot;,&quot;credit&quot;:&quot;&quot;,&quot;camera&quot;:&quot;&quot;,&quot;caption&quot;:&quot;&quot;,&quot;created_timestamp&quot;:&quot;0&quot;,&quot;copyright&quot;:&quot;&quot;,&quot;focal_length&quot;:&quot;0&quot;,&quot;iso&quot;:&quot;0&quot;,&quot;shutter_speed&quot;:&quot;0&quot;,&quot;title&quot;:&quot;&quot;,&quot;orientation&quot;:&quot;0&quot;}\" data-image-title=\"WhatsApp Image 2020-12-22 at 14.46.48 (2)\" data-image-description=\"\" data-medium-file=\"https:\/\/i0.wp.com\/cdnoticias.com\/wp-content\/uploads\/2020\/12\/WhatsApp-Image-2020-12-22-at-14.46.48-2.jpeg?fit=300%2C169&#038;ssl=1\" data-large-file=\"https:\/\/i0.wp.com\/cdnoticias.com\/wp-content\/uploads\/2020\/12\/WhatsApp-Image-2020-12-22-at-14.46.48-2.jpeg?fit=800%2C450&#038;ssl=1\" src=\"https:\/\/i0.wp.com\/cdnoticias.com\/wp-content\/uploads\/2020\/12\/WhatsApp-Image-2020-12-22-at-14.46.48-2.jpeg?w=796&#038;h=448&#038;ssl=1\" srcset=\"https:\/\/i0.wp.com\/cdnoticias.com\/wp-content\/uploads\/2020\/12\/WhatsApp-Image-2020-12-22-at-14.46.48-2.jpeg?w=1280&amp;ssl=1 1280w, https:\/\/i0.wp.com\/cdnoticias.com\/wp-content\/uploads\/2020\/12\/WhatsApp-Image-2020-12-22-at-14.46.48-2.jpeg?resize=300%2C169&amp;ssl=1 300w, https:\/\/i0.wp.com\/cdnoticias.com\/wp-content\/uploads\/2020\/12\/WhatsApp-Image-2020-12-22-at-14.46.48-2.jpeg?resize=768%2C432&amp;ssl=1 768w, https:\/\/i0.wp.com\/cdnoticias.com\/wp-content\/uploads\/2020\/12\/WhatsApp-Image-2020-12-22-at-14.46.48-2.jpeg?resize=1024%2C576&amp;ssl=1 1024w\" width=\"796\" height=\"448\" loading=\"lazy\" data-original-width=\"796\" data-original-height=\"448\" itemprop=\"http:\/\/schema.org\/image\" title=\"WhatsApp Image 2020-12-22 at 14.46.48 (2)\" alt=\"WhatsApp Image 2020-12-22 at 14.46.48 (2)\" style=\"width: 796px; height: 448px;\" \/> <\/a> <\/div> <\/div> <!-- close group --> <\/div> <!-- close row --> <\/div>\n<p>&nbsp;<\/p>\n<p>Fue victoria del representante de Olavarr\u00eda, que cont\u00f3 con el apoyo de su p\u00fablico que lleg\u00f3 hasta el Tom\u00e1s Corrado y que a pesar de tener varias p\u00e9rdidas de bal\u00f3n que quer\u00edan evitar Orlando y el resto de su equipo, plasm\u00f3 en defensa un buen -y desgastante- trabajo para estar cada vez m\u00e1s cerca del ascenso.<\/p>\n<p>&nbsp;<\/p>\n<p>La segunda presentaci\u00f3n \u201cChaira\u201d ser\u00e1 el s\u00e1bado desde las 18:00 con Los Indios que cay\u00f3 en el cierre de la jornada inaugural ante N\u00e1utico por 84 a 76.<\/p>\n<p>&nbsp;<\/p>\n<p>S\u00edntesis Independiente \u2013 Racing:<br \/>\nEstadio: Tom\u00e1s Corrado<br \/>\n\u00c1rbitros: S\u00e1nchez, R., Imosi, R. y Rusconi, F.<br \/>\n<strong>Independiente (63): Tantos (14), Hartstock (20), Lanusse (6), Gutkin (3), Arca (12) -FI- Arg\u00fceso (2), Altamirano (3), Andrizzi (3), San Mart\u00edn (0). DT- Nicol\u00e1s Rusconi<\/strong><br \/>\n<strong>Racing (68): Yaben (5), Lorenzo (9), Nolasco (19), Alonso (8), Weisbeck (12) -FI- Ruiz (0), Dupin (5), Delgado (10), Fern\u00e1ndez (0). DT- Mat\u00edas Orlando<\/strong><br \/>\nParciales: 16 \u2013 16; 32 \u2013 32; 44 \u2013 50 y 63 \u2013 68.<\/p>\n","protected":false},"excerpt":{"rendered":"<p>En Jun\u00edn dio inicio la definici\u00f3n del Torneo Provincial de Clubes y en el primero de los partidos, Racing logr\u00f3<\/p>\n","protected":false},"author":96739694,"featured_media":145486,"comment_status":"closed","ping_status":"closed","sticky":false,"template":"","format":"standard","meta":{"_jetpack_memberships_contains_paid_content":false,"footnotes":""},"categories":[31,1,60],"tags":[],"class_list":["post-145485","post","type-post","status-publish","format-standard","has-post-thumbnail","hentry","category-basquet","category-portada","category-torneo-pre-federal"],"jetpack_featured_media_url":"https:\/\/i0.wp.com\/cdnoticias.com\/wp-content\/uploads\/2021\/12\/WhatsApp-Image-2021-12-17-at-22.08.34-e1639789775808.jpeg?fit=1280%2C844&ssl=1","jetpack_sharing_enabled":true,"_links":{"self":[{"href":"https:\/\/cdnoticias.com\/index.php\/wp-json\/wp\/v2\/posts\/145485","targetHints":{"allow":["GET"]}}],"collection":[{"href":"https:\/\/cdnoticias.com\/index.php\/wp-json\/wp\/v2\/posts"}],"about":[{"href":"https:\/\/cdnoticias.com\/index.php\/wp-json\/wp\/v2\/types\/post"}],"author":[{"embeddable":true,"href":"https:\/\/cdnoticias.com\/index.php\/wp-json\/wp\/v2\/users\/96739694"}],"replies":[{"embeddable":true,"href":"https:\/\/cdnoticias.com\/index.php\/wp-json\/wp\/v2\/comments?post=145485"}],"version-history":[{"count":0,"href":"https:\/\/cdnoticias.com\/index.php\/wp-json\/wp\/v2\/posts\/145485\/revisions"}],"wp:featuredmedia":[{"embeddable":true,"href":"https:\/\/cdnoticias.com\/index.php\/wp-json\/wp\/v2\/media\/145486"}],"wp:attachment":[{"href":"https:\/\/cdnoticias.com\/index.php\/wp-json\/wp\/v2\/media?parent=145485"}],"wp:term":[{"taxonomy":"category","embeddable":true,"href":"https:\/\/cdnoticias.com\/index.php\/wp-json\/wp\/v2\/categories?post=145485"},{"taxonomy":"post_tag","embeddable":true,"href":"https:\/\/cdnoticias.com\/index.php\/wp-json\/wp\/v2\/tags?post=145485"}],"curies":[{"name":"wp","href":"https:\/\/api.w.org\/{rel}","templated":true}]}}