{"id":145450,"date":"2022-03-10T17:56:41","date_gmt":"2022-03-10T20:56:41","guid":{"rendered":"http:\/\/centraldeportes.com.ar\/?p=12659"},"modified":"2022-03-10T17:56:41","modified_gmt":"2022-03-10T20:56:41","slug":"marcelo-acosta-las-puertas-estan-abiertas-para-cada-atleta-que-este-recorriendo-la-ciudad","status":"publish","type":"post","link":"https:\/\/cdnoticias.com\/index.php\/2022\/03\/10\/marcelo-acosta-las-puertas-estan-abiertas-para-cada-atleta-que-este-recorriendo-la-ciudad\/","title":{"rendered":"Marcelo Acosta: \u201cLas puertas est\u00e1n abiertas para cada atleta que est\u00e9 recorriendo la ciudad\u201d"},"content":{"rendered":"<p>Afirm\u00f3 el nuevo presidente del C\u00edrculo de Atletas Veteranos de Olavarr\u00eda, que adem\u00e1s habl\u00f3 de la reforma del estatuto y de los pr\u00f3ximos eventos que se vienen programando desde la entidad.<!--more--><\/p>\n<hr \/>\n<p>El pasado jueves, se llev\u00f3 a cabo la Asamblea Anual Ordinaria en donde <strong>se defini\u00f3 la nueva Comisi\u00f3n Directiva encabezada por Marcelo Acosta<\/strong>.<\/p>\n<p>&nbsp;<\/p>\n<p><em>\u201cEstamos realmente muy contentos por la gran convocatoria de atletas que se acercaron para sumar y conformar la nueva comisi\u00f3n\u201d<\/em>, comenz\u00f3 explicando y luego continu\u00f3: \u201c<em><strong>Las puertas est\u00e1n abiertas para cada uno de los atletas que est\u00e1n recorriendo nuestra ciudad<\/strong>\u201d.<\/em><\/p>\n<p>&nbsp;<\/p>\n<p>Posteriormente, el nuevo l\u00edder de la entidad hizo \u00e9nfasis en la situaci\u00f3n en la que se encontraba anteriormente el CAVO y dijo: <em>\u201cCuando diagramamos todo para armar la nueva comisi\u00f3n, nos enteramos de que lamentablemente no contamos con socios activos, dado que el socio es voluntario y paga una cuota m\u00ednima\u201d<\/em>, afirm\u00f3 y luego sostuvo que <strong>\u201c<\/strong><em><strong>De ah\u00ed nace un nuevo desaf\u00edo, que aquellos socios y socias que formaban parte del CAVO vuelvan a acercarse a nosotros, como nosotros a ellos en las distintas competencias que estamos programando\u201d<\/strong>.<\/em><\/p>\n<p>&nbsp;<\/p>\n<p>Por su parte, Acosta mencion\u00f3 que otro de los objetivos que tienen pensado trabajar desde la Comisi\u00f3n Directiva es la reforma del estatuto y explic\u00f3: <em>\u201cQuer\u00edamos saber si ten\u00edamos una personer\u00eda jur\u00eddica, para estar al tanto de las condiciones en la que nos encontramos, la verdad que en el tiempo esos papeles est\u00e1 dif\u00edciles de hacer pero somos conscientes de que debemos tener actualizaciones y en eso est\u00e1 nueva comisi\u00f3n\u201d.<\/em><\/p>\n<p>&nbsp;<\/p>\n<p><strong><em>\u201cLa idea es dejar al CAVO en las mejores condiciones que se pueda\u201d<\/em><\/strong>, exclam\u00f3 el nuevo presidente y adem\u00e1s dio a entender que \u201c<em>La conformaci\u00f3n de la comisi\u00f3n es totalmente Ad Honorem, pero gracias a Dios el equipo de trabajo est\u00e1 compuesto por diferentes grupos de Running, que junto con alumnos y alumnas trabajan en conjunto para poder organizar las carreras\u201d.<\/em><\/p>\n<p>&nbsp;<\/p>\n<p>A prop\u00f3sito, uno de los primeros eventos que afrontar\u00e1 esta nueva Comisi\u00f3n Directiva se trata de <strong>\u201cLa carrera de las mujeres\u201d a realizarse este pr\u00f3ximo domingo 13 de marzo<\/strong>: \u201c<em>La inscripci\u00f3n va a estar abierta hasta el mismo d\u00eda una hora antes, en base a eso, tenemos que reeducarnos como atletas por el sentido de que lleva mucho trabajo administrativo y el seguro necesita tener una n\u00f3mina un tiempo antes\u201d<\/em>, explic\u00f3.<\/p>\n<p>&nbsp;<\/p>\n\n<p>&nbsp;<\/p>\n<p><strong>Aquel que desee anotarse deber\u00e1 mandar nombre y apellido, fecha de nacimiento y n\u00famero de D.N.I para la cobertura del seguro.<\/strong><\/p>\n<p>&nbsp;<\/p>\n<p>Para finalizar, Marcelo Acosta cont\u00f3 que \u201c<em>esta comisi\u00f3n est\u00e1 siendo bastante org\u00e1nica y tenemos las tareas distribuidas como para no someter y abogar todo a una sola persona\u201d, <\/em>y a modo de conclusi\u00f3n acot\u00f3: <em>\u201cEs el trabajo de un mont\u00f3n de personas que colaboran para que cada evento se realice de la mejor manera\u201d.<\/em><\/p>\n","protected":false},"excerpt":{"rendered":"<p>Afirm\u00f3 el nuevo presidente del C\u00edrculo de Atletas Veteranos de Olavarr\u00eda, que adem\u00e1s habl\u00f3 de la reforma del estatuto y<\/p>\n","protected":false},"author":96739694,"featured_media":145451,"comment_status":"closed","ping_status":"closed","sticky":false,"template":"","format":"standard","meta":{"_jetpack_memberships_contains_paid_content":false,"footnotes":""},"categories":[38,1],"tags":[],"class_list":["post-145450","post","type-post","status-publish","format-standard","has-post-thumbnail","hentry","category-pedestrismo","category-portada"],"jetpack_featured_media_url":"https:\/\/i0.wp.com\/cdnoticias.com\/wp-content\/uploads\/2022\/03\/cavo.png?fit=1280%2C853&ssl=1","jetpack_sharing_enabled":true,"_links":{"self":[{"href":"https:\/\/cdnoticias.com\/index.php\/wp-json\/wp\/v2\/posts\/145450","targetHints":{"allow":["GET"]}}],"collection":[{"href":"https:\/\/cdnoticias.com\/index.php\/wp-json\/wp\/v2\/posts"}],"about":[{"href":"https:\/\/cdnoticias.com\/index.php\/wp-json\/wp\/v2\/types\/post"}],"author":[{"embeddable":true,"href":"https:\/\/cdnoticias.com\/index.php\/wp-json\/wp\/v2\/users\/96739694"}],"replies":[{"embeddable":true,"href":"https:\/\/cdnoticias.com\/index.php\/wp-json\/wp\/v2\/comments?post=145450"}],"version-history":[{"count":0,"href":"https:\/\/cdnoticias.com\/index.php\/wp-json\/wp\/v2\/posts\/145450\/revisions"}],"wp:featuredmedia":[{"embeddable":true,"href":"https:\/\/cdnoticias.com\/index.php\/wp-json\/wp\/v2\/media\/145451"}],"wp:attachment":[{"href":"https:\/\/cdnoticias.com\/index.php\/wp-json\/wp\/v2\/media?parent=145450"}],"wp:term":[{"taxonomy":"category","embeddable":true,"href":"https:\/\/cdnoticias.com\/index.php\/wp-json\/wp\/v2\/categories?post=145450"},{"taxonomy":"post_tag","embeddable":true,"href":"https:\/\/cdnoticias.com\/index.php\/wp-json\/wp\/v2\/tags?post=145450"}],"curies":[{"name":"wp","href":"https:\/\/api.w.org\/{rel}","templated":true}]}}