{"id":145435,"date":"2021-12-16T01:49:38","date_gmt":"2021-12-16T04:49:38","guid":{"rendered":"http:\/\/centraldeportes.com.ar\/?p=9625"},"modified":"2021-12-16T01:49:38","modified_gmt":"2021-12-16T04:49:38","slug":"ferro-se-corono-campeon-del-apertura-norberto-desanzo","status":"publish","type":"post","link":"https:\/\/cdnoticias.com\/index.php\/2021\/12\/16\/ferro-se-corono-campeon-del-apertura-norberto-desanzo\/","title":{"rendered":"Ferro se coron\u00f3 campe\u00f3n del Apertura \u201cNorberto Desanzo\u201d"},"content":{"rendered":"<p>En la definici\u00f3n del Torneo Apertura de Primera Divisi\u00f3n, el \u201ccarbonero\u201d fue m\u00e1s que El Fort\u00edn y lo derrot\u00f3 por 3 a 0 en el cl\u00e1sico. Sbardolini, Campos y Ferrara fueron los goleadores de la noche para Ferro que grit\u00f3 campe\u00f3n y pudo dar la vuelta en el \u201cRicardo S\u00e1nchez\u201d.<!--more--><\/p>\n<hr \/>\n<p>El desenlace del \u00faltimo torneo dom\u00e9stico del 2021 cruz\u00f3 en el camino a los cl\u00e1sicos rivales, Ferro lleg\u00f3 por ser el ganador de la fase regular y El Fort\u00edn por ser el vencedor de los playoffs. Fue un partido al que no le sali\u00f3 nada al equipo dirigido por Senzacqua, pero fue por m\u00e9rito del \u201ccarbonero\u201d que supo presionar bien, domin\u00f3 gran parte del tiempo en el mediocampo y golpe\u00f3 en los momentos justos.<\/p>\n<p>&nbsp;<\/p>\n<p>El equipo que par\u00f3 Romanello en cancha cont\u00f3 con algunos nombres que actualmente est\u00e1n disputando el Regional Amateur y que tuvieron rodaje en el certamen dom\u00e9stico. Hasta los 10 minutos de la primera parte fue un cotejo opaco, ambos equipos comenzaron a acomodarse en el campo de juego y casi no hubo chances claras para quebrar el 0 en el marcador.<\/p>\n<p>&nbsp;<\/p>\n<p>El \u201ccarbonero\u201d fue creciendo a medida que avanzaron los minutos y a los 13\u2019 se puso en ventaja. Schwindt dispar\u00f3 desde el borde del \u00e1rea, el arquero Peralta respondi\u00f3 bien pero el rebote le qued\u00f3 a Emanuel Sbardolini que con una sutil definici\u00f3n la termin\u00f3 mandando al fondo de la red para el 1 a 0 parcial.<\/p>\n<p>&nbsp;<\/p>\n<p>Con el resultado cuesta arriba, El Fort\u00edn intent\u00f3 generar juego y asociaci\u00f3n pero estuvo muy impreciso en los pases y sinti\u00f3 el rigor en el mediocampo, lugar donde sufri\u00f3 mucho sobre todo en la primera etapa. Pese a esto, a los 28\u2019, tuvo la primera ocasi\u00f3n clara en los pies de Pelaytay que traslad\u00f3 por derecha, consigui\u00f3 meterse al \u00e1rea y sac\u00f3 un disparo que contuvo sin problemas el \u201c1\u201d \u201ccarbonero\u201d.<\/p>\n<p>&nbsp;<\/p>\n<p>[soliloquy slug=&#8221;fortin-ferro-final-local&#8221;]<\/p>\n<p>&nbsp;<\/p>\n<p>A partir de ese momento el elenco \u201cfortinero\u201d tuvo buenos minutos y a la jugada siguiente Cisneros sac\u00f3 un centro desde la derecha y Aguirre en el rechazo de cabeza casi la meti\u00f3 por el palo izquierdo del arco defendido por P\u00e9rez.<\/p>\n<p>&nbsp;<\/p>\n<p>En el comienzo del complemento, en el minuto 52 precisamente, Ferro estuvo cerca del segundo bajo la \u00f3rbita de Pierce pero logr\u00f3 salvar Ilekis que lleg\u00f3 con lo justo y la sac\u00f3 sobre la l\u00ednea. Sin embargo, seis minutos m\u00e1s tarde finalmente el \u201ccarbonero\u201d pudo concretar el segundo grito sagrado de la noche. All\u00ed Jonathan Campos recibi\u00f3 a cent\u00edmetros del v\u00e9rtice derecho del \u00e1rea y defini\u00f3 a colocar al palo m\u00e1s cercano de Peralta, marcando un golazo y poniendo el 0 \u2013 2 parcial a los 58\u2019.<\/p>\n<p>&nbsp;<\/p>\n<p>Ante las debidas circunstancias, El Fort\u00edn adelant\u00f3 l\u00edneas y fue a buscar el descuento exponi\u00e9ndose mucho en la faceta defensiva. Un minuto m\u00e1s tarde del segundo gol de Ferro, Pierce qued\u00f3 cara a cara con el arquero y desperdici\u00f3 el tercero estrellando la pelota en el palo. Tiempo m\u00e1s tarde, ambos se quedaron con 10 hombres por las expulsiones de Laplace y Pierce despu\u00e9s de un altercado a los 70\u2019 de la etapa complementaria.<\/p>\n<p>&nbsp;<\/p>\n<p>Ya casi sobre el cierre, el equipo de la Av. Urquiza sigui\u00f3 con la misma idea de ir a buscar un gol, pero en el retroceso estuvo muy expuesto a los contragolpes. Y fue finalmente de esta manera en la que lleg\u00f3 el tercer tanto de la noche despu\u00e9s de una notable jugada individual de Ferrara que defini\u00f3 ante la salida del arquero y sell\u00f3 el 0 \u2013 3 final.<\/p>\n<p>&nbsp;<\/p>\n<p>S\u00edntesis El Fort\u00edn \u2013 Ferro Carril Sud:<\/p>\n<p><strong>El Fort\u00edn (0): <\/strong>Franco Peralta; Facundo Cisneros, Andr\u00e9s Ilekis, Hugo Larregina (Y. Orradre), Alexis Laplace; Daniel S\u00e1nchez, Alen Leal (B. Wagner), Mat\u00edas Abelairas, Gustavo Tolosa; Emiliano Piecenti y Gervasio Pelaytay (M. Oliveto). DT: Gabriel Senzacqua.<\/p>\n<p><strong>Ferro Carril Sud (3):<\/strong> Santiago P\u00e9rez; Alan Ben\u00edtez, Franco Aguirre (Ayrton Ben\u00edtez), Enzo Su\u00e1rez, Franco Hammerschmidt; Jonathan Campos, Maximiliano Gargaglione (K. Pereiro), Dionisio Schwindt (J. Vivas), Agust\u00edn Acu\u00f1a (L. Ferrara); Emanuel Sbardolini (L. Lamela) e Ignacio Pierce. DT: Gustavo Romanello.<\/p>\n<p>&nbsp;<\/p>\n<p><strong>Goles:<\/strong> 13m. PT Emanuel Sbardolini (FCS); 13m. ST Jonathan Campos (FCS); 38m. ST Lorenzo Ferrara (FCS).<\/p>\n<p><strong>Amonestados:<\/strong> Leal, Larregina y Pelaytay (El Fort\u00edn); Aguirre, Su\u00e1rez, Hammerschmidt, Alan Ben\u00edtez y Campos (Ferro).<\/p>\n<p><strong>Expulsados:<\/strong> 25m. ST Alexis Laplace (EF) e Ignacio Pierce (FCS). En el PT Gabriel Senzacqua \u2013 DT \u2013 (EF).<\/p>\n<p><strong>\u00c1rbitro:<\/strong> Adri\u00e1n Deber<strong>. Estadio:<\/strong> Ricardo S\u00e1nchez.<\/p>\n","protected":false},"excerpt":{"rendered":"<p>En la definici\u00f3n del Torneo Apertura de Primera Divisi\u00f3n, el \u201ccarbonero\u201d fue m\u00e1s que El Fort\u00edn y lo derrot\u00f3 por<\/p>\n","protected":false},"author":96739694,"featured_media":145436,"comment_status":"closed","ping_status":"closed","sticky":false,"template":"","format":"standard","meta":{"_jetpack_memberships_contains_paid_content":false,"footnotes":""},"categories":[35,1,41],"tags":[],"class_list":["post-145435","post","type-post","status-publish","format-standard","has-post-thumbnail","hentry","category-futbol","category-portada","category-primera-y-reserva"],"jetpack_featured_media_url":"https:\/\/i0.wp.com\/cdnoticias.com\/wp-content\/uploads\/2021\/12\/fortin-ferro-final-local-19.png?fit=1280%2C853&ssl=1","jetpack_sharing_enabled":true,"_links":{"self":[{"href":"https:\/\/cdnoticias.com\/index.php\/wp-json\/wp\/v2\/posts\/145435","targetHints":{"allow":["GET"]}}],"collection":[{"href":"https:\/\/cdnoticias.com\/index.php\/wp-json\/wp\/v2\/posts"}],"about":[{"href":"https:\/\/cdnoticias.com\/index.php\/wp-json\/wp\/v2\/types\/post"}],"author":[{"embeddable":true,"href":"https:\/\/cdnoticias.com\/index.php\/wp-json\/wp\/v2\/users\/96739694"}],"replies":[{"embeddable":true,"href":"https:\/\/cdnoticias.com\/index.php\/wp-json\/wp\/v2\/comments?post=145435"}],"version-history":[{"count":0,"href":"https:\/\/cdnoticias.com\/index.php\/wp-json\/wp\/v2\/posts\/145435\/revisions"}],"wp:featuredmedia":[{"embeddable":true,"href":"https:\/\/cdnoticias.com\/index.php\/wp-json\/wp\/v2\/media\/145436"}],"wp:attachment":[{"href":"https:\/\/cdnoticias.com\/index.php\/wp-json\/wp\/v2\/media?parent=145435"}],"wp:term":[{"taxonomy":"category","embeddable":true,"href":"https:\/\/cdnoticias.com\/index.php\/wp-json\/wp\/v2\/categories?post=145435"},{"taxonomy":"post_tag","embeddable":true,"href":"https:\/\/cdnoticias.com\/index.php\/wp-json\/wp\/v2\/tags?post=145435"}],"curies":[{"name":"wp","href":"https:\/\/api.w.org\/{rel}","templated":true}]}}