{"id":145430,"date":"2022-03-11T00:46:51","date_gmt":"2022-03-11T03:46:51","guid":{"rendered":"http:\/\/centraldeportes.com.ar\/?p=12672"},"modified":"2022-03-11T00:46:51","modified_gmt":"2022-03-11T03:46:51","slug":"empieza-el-curso-para-arbitros-en-la-liga-de-futbol","status":"publish","type":"post","link":"https:\/\/cdnoticias.com\/index.php\/2022\/03\/11\/empieza-el-curso-para-arbitros-en-la-liga-de-futbol\/","title":{"rendered":"Empieza el curso para \u00e1rbitros en la Liga de F\u00fatbol"},"content":{"rendered":"<p>Desde la Asociaci\u00f3n de \u00c1rbitros de F\u00fatbol Olavarr\u00eda anunciaron que est\u00e1 abierta la inscripci\u00f3n para el curso de arbitraje que se dicta en la Liga.<!--more--><\/p>\n<hr \/>\n<p>Destinado a interesados o interesadas, abri\u00f3 la inscripici\u00f3n para realizar el curso de \u00e1rbitro de f\u00fatbol.<\/p>\n<p>&nbsp;<\/p>\n<p>El Departamento de Arbitraje de la Liga de F\u00fatbol de Olavarr\u00eda abri\u00f3 la inscripci\u00f3n al curso con formaci\u00f3n gratuito, con orientaci\u00f3n vocacional a cargo de instructores matriculados por la AFA y FIFA.<\/p>\n<p>&nbsp;<\/p>\n<p>Destinado a mayores de 17 a\u00f1os de ambos sexos, se abri\u00f3 la posibilidad de realizar la capacitaci\u00f3n que consta de clases te\u00f3ricas y pr\u00e1cticas y las personas interesadas deber\u00e1n concurrir a la Liga de F\u00fatbol o enviar sus datos al deptoarbitrajelfo@gmail.com.<\/p>\n","protected":false},"excerpt":{"rendered":"<p>Desde la Asociaci\u00f3n de \u00c1rbitros de F\u00fatbol Olavarr\u00eda anunciaron que est\u00e1 abierta la inscripci\u00f3n para el curso de arbitraje que<\/p>\n","protected":false},"author":96739694,"featured_media":142950,"comment_status":"closed","ping_status":"closed","sticky":false,"template":"","format":"standard","meta":{"_jetpack_memberships_contains_paid_content":false,"footnotes":""},"categories":[35,40,1],"tags":[],"class_list":["post-145430","post","type-post","status-publish","format-standard","has-post-thumbnail","hentry","category-futbol","category-inferiores","category-portada"],"jetpack_featured_media_url":"https:\/\/i0.wp.com\/cdnoticias.com\/wp-content\/uploads\/2021\/07\/arbitro2s.jpg?fit=913%2C587&ssl=1","jetpack_sharing_enabled":true,"_links":{"self":[{"href":"https:\/\/cdnoticias.com\/index.php\/wp-json\/wp\/v2\/posts\/145430","targetHints":{"allow":["GET"]}}],"collection":[{"href":"https:\/\/cdnoticias.com\/index.php\/wp-json\/wp\/v2\/posts"}],"about":[{"href":"https:\/\/cdnoticias.com\/index.php\/wp-json\/wp\/v2\/types\/post"}],"author":[{"embeddable":true,"href":"https:\/\/cdnoticias.com\/index.php\/wp-json\/wp\/v2\/users\/96739694"}],"replies":[{"embeddable":true,"href":"https:\/\/cdnoticias.com\/index.php\/wp-json\/wp\/v2\/comments?post=145430"}],"version-history":[{"count":0,"href":"https:\/\/cdnoticias.com\/index.php\/wp-json\/wp\/v2\/posts\/145430\/revisions"}],"wp:featuredmedia":[{"embeddable":true,"href":"https:\/\/cdnoticias.com\/index.php\/wp-json\/wp\/v2\/media\/142950"}],"wp:attachment":[{"href":"https:\/\/cdnoticias.com\/index.php\/wp-json\/wp\/v2\/media?parent=145430"}],"wp:term":[{"taxonomy":"category","embeddable":true,"href":"https:\/\/cdnoticias.com\/index.php\/wp-json\/wp\/v2\/categories?post=145430"},{"taxonomy":"post_tag","embeddable":true,"href":"https:\/\/cdnoticias.com\/index.php\/wp-json\/wp\/v2\/tags?post=145430"}],"curies":[{"name":"wp","href":"https:\/\/api.w.org\/{rel}","templated":true}]}}