{"id":145363,"date":"2021-12-09T22:07:48","date_gmt":"2021-12-10T01:07:48","guid":{"rendered":"http:\/\/centraldeportes.com.ar\/?p=9327"},"modified":"2021-12-09T22:07:48","modified_gmt":"2021-12-10T01:07:48","slug":"empezaron-las-definiciones-en-el-torneo-de-la-asambal","status":"publish","type":"post","link":"https:\/\/cdnoticias.com\/index.php\/2021\/12\/09\/empezaron-las-definiciones-en-el-torneo-de-la-asambal\/","title":{"rendered":"Empezaron las definiciones en el Torneo de la Asambal"},"content":{"rendered":"<p>El certamen organizado por la Asociaci\u00f3n Amiga del Balonmano inici\u00f3 con su definici\u00f3n teniendo a Estudiantes como uno de los protagonistas. En el primer cuadrangular logr\u00f3 el subcampeonato.<!--more--><\/p>\n<hr \/>\n<p>Los equipos de Estudiante viajaron a Los Toldos para disputar la \u00faltima fecha de la fase regular de la liga Asambal con los siguientes resultados:<\/p>\n<p>&nbsp;<\/p>\n<p>Menores Masculino: CAE 23 \u2013 44 Los Toldos<\/p>\n<p>Juveniles Masculino: CAE 27 \u2013 41 Los Toldos<\/p>\n<p>Infantiles Masculino: CAE 0 \u2013 4 Los Toldos<\/p>\n<p>Infantiles Femenino: CAE 0 \u2013 4 Los Toldos<\/p>\n<p>Menores Femenino: CAE 48 \u2013 30 Los Toldos 30<\/p>\n<p>Cadetes Masculino: CAE 29 \u2013 22 Los Toldos 22<\/p>\n<p>&nbsp;<\/p>\n<p>En el inicio de los S\u00faper4, el pasado mi\u00e9rcoles, el plantel Juvenil Femenino hizo su presentaci\u00f3n y logr\u00f3 el subcampeonato en 25 de Mayo. En el primer juego vencieron a Tapalqu\u00e9 por 25 a 20 y en la final cayeron ante Independiente de Chivilcoy por 30 a 17.<\/p>\n<p>&nbsp;<\/p>\n<p>El equipo conformado por: Milagros Tasso, Trinidad Comai, Emilia Cantori, Bel\u00e9n C\u00f3rdoba, Josefina Borda, Valentina Pirola, Renata Maroni, Florencia Bustos, Melina Saj, Camila C\u00f3rdoba, Morena Gamondi y Manuela Echeverr\u00eda. DT: Rodrigo Rom\u00e1n.<\/p>\n<p>&nbsp;<\/p>\n<p>Por otro lado se definieron las fechas para las restantes definiciones, de las cuales la Primera Divisi\u00f3n masculina se jugar\u00e1 en el Macrogimnasio el pr\u00f3ximo s\u00e1bado. Adem\u00e1s, el 12 se jugar\u00e1n las categor\u00edas menores en Bragado, el 18 de diciembre se jugar\u00e1 Junior Masculino en Tapalqu\u00e9 y el 19 llegar\u00e1 a su fin la competencia con Cadetes masculinos en Chivilcoy.<\/p>\n","protected":false},"excerpt":{"rendered":"<p>El certamen organizado por la Asociaci\u00f3n Amiga del Balonmano inici\u00f3 con su definici\u00f3n teniendo a Estudiantes como uno de los<\/p>\n","protected":false},"author":96739694,"featured_media":145364,"comment_status":"closed","ping_status":"closed","sticky":false,"template":"","format":"standard","meta":{"_jetpack_memberships_contains_paid_content":false,"footnotes":""},"categories":[30,1],"tags":[],"class_list":["post-145363","post","type-post","status-publish","format-standard","has-post-thumbnail","hentry","category-polideportivo","category-portada"],"jetpack_featured_media_url":"https:\/\/i0.wp.com\/cdnoticias.com\/wp-content\/uploads\/2021\/12\/WhatsApp-Image-2021-12-09-at-22.06.59.jpeg?fit=1280%2C782&ssl=1","jetpack_sharing_enabled":true,"_links":{"self":[{"href":"https:\/\/cdnoticias.com\/index.php\/wp-json\/wp\/v2\/posts\/145363","targetHints":{"allow":["GET"]}}],"collection":[{"href":"https:\/\/cdnoticias.com\/index.php\/wp-json\/wp\/v2\/posts"}],"about":[{"href":"https:\/\/cdnoticias.com\/index.php\/wp-json\/wp\/v2\/types\/post"}],"author":[{"embeddable":true,"href":"https:\/\/cdnoticias.com\/index.php\/wp-json\/wp\/v2\/users\/96739694"}],"replies":[{"embeddable":true,"href":"https:\/\/cdnoticias.com\/index.php\/wp-json\/wp\/v2\/comments?post=145363"}],"version-history":[{"count":0,"href":"https:\/\/cdnoticias.com\/index.php\/wp-json\/wp\/v2\/posts\/145363\/revisions"}],"wp:featuredmedia":[{"embeddable":true,"href":"https:\/\/cdnoticias.com\/index.php\/wp-json\/wp\/v2\/media\/145364"}],"wp:attachment":[{"href":"https:\/\/cdnoticias.com\/index.php\/wp-json\/wp\/v2\/media?parent=145363"}],"wp:term":[{"taxonomy":"category","embeddable":true,"href":"https:\/\/cdnoticias.com\/index.php\/wp-json\/wp\/v2\/categories?post=145363"},{"taxonomy":"post_tag","embeddable":true,"href":"https:\/\/cdnoticias.com\/index.php\/wp-json\/wp\/v2\/tags?post=145363"}],"curies":[{"name":"wp","href":"https:\/\/api.w.org\/{rel}","templated":true}]}}