{"id":14533,"date":"2021-02-23T18:11:47","date_gmt":"2021-02-23T21:11:47","guid":{"rendered":"http:\/\/www.centraldenoticias.com.ar\/?p=14533"},"modified":"2021-02-23T18:11:47","modified_gmt":"2021-02-23T21:11:47","slug":"este-martes-se-registraron-23-nuevos-casos-de-covid-19-en-olavarria","status":"publish","type":"post","link":"https:\/\/cdnoticias.com\/index.php\/2021\/02\/23\/este-martes-se-registraron-23-nuevos-casos-de-covid-19-en-olavarria\/","title":{"rendered":"Este martes se registraron 23 nuevos casos de Covid-19 en Olavarr\u00eda"},"content":{"rendered":"<p>Se realizaron 170 testeos y 147 resultaron negativos. Adem\u00e1s, 7 personas est\u00e1n internadas en UTI y 4 lo hacen en Cl\u00ednica Covid.<!--more--><\/p>\n<hr \/>\n<p>La secretar\u00eda de Salud del Municipio emiti\u00f3 el informe sanitario correspondiente a este martes, donde se indic\u00f3 que <strong>se realizaron 170 testeos, de los cuales 23 fueron positivos y 147 negativos para Covid-19.<\/strong><\/p>\n<p>&nbsp;<\/p>\n<p>Con un 85% de personas menores de 60 a\u00f1os, son 141 las que transitan la enfermedad en Olavarr\u00eda. Asimismo, este martes<strong> 5 pacientes recibieron el alta m\u00e9dica.<\/strong><\/p>\n<p>&nbsp;<\/p>\n<p><img data-recalc-dims=\"1\" loading=\"lazy\" decoding=\"async\" class=\"alignnone size-full wp-image-14535\" src=\"https:\/\/i0.wp.com\/cdnoticias.com\/wp-content\/uploads\/2021\/02\/parte-14.jpg?resize=800%2C401&#038;ssl=1\" alt=\"\" width=\"800\" height=\"401\" srcset=\"https:\/\/i0.wp.com\/cdnoticias.com\/wp-content\/uploads\/2021\/02\/parte-14.jpg?w=1178&amp;ssl=1 1178w, https:\/\/i0.wp.com\/cdnoticias.com\/wp-content\/uploads\/2021\/02\/parte-14.jpg?resize=300%2C150&amp;ssl=1 300w, https:\/\/i0.wp.com\/cdnoticias.com\/wp-content\/uploads\/2021\/02\/parte-14.jpg?resize=768%2C385&amp;ssl=1 768w, https:\/\/i0.wp.com\/cdnoticias.com\/wp-content\/uploads\/2021\/02\/parte-14.jpg?resize=1024%2C513&amp;ssl=1 1024w\" sizes=\"auto, (max-width: 800px) 100vw, 800px\" \/><\/p>\n<p>&nbsp;<\/p>\n<p>En el d\u00eda de la fecha, <strong>6 personas concurrieron a realizarse el testeo del Programa RTA<\/strong> al Centro de Hisopado del Hospital: <strong>los 6 resultados fueron negativos para Covid-19.<\/strong><\/p>\n<p>&nbsp;<\/p>\n<p>Por otra parte,<strong> tambi\u00e9n fueron 6 (y tambi\u00e9n negativos) los hisopados que se realizaron en el Paseo de la Salud, correspondientes al Programa \u201cAulas Seguras\u201d.<\/strong><\/p>\n<p>&nbsp;<\/p>\n<p><img data-recalc-dims=\"1\" loading=\"lazy\" decoding=\"async\" class=\"alignnone size-full wp-image-14534\" src=\"https:\/\/i0.wp.com\/cdnoticias.com\/wp-content\/uploads\/2021\/02\/parte02-10.jpg?resize=800%2C403&#038;ssl=1\" alt=\"\" width=\"800\" height=\"403\" srcset=\"https:\/\/i0.wp.com\/cdnoticias.com\/wp-content\/uploads\/2021\/02\/parte02-10.jpg?w=1199&amp;ssl=1 1199w, https:\/\/i0.wp.com\/cdnoticias.com\/wp-content\/uploads\/2021\/02\/parte02-10.jpg?resize=300%2C151&amp;ssl=1 300w, https:\/\/i0.wp.com\/cdnoticias.com\/wp-content\/uploads\/2021\/02\/parte02-10.jpg?resize=768%2C387&amp;ssl=1 768w, https:\/\/i0.wp.com\/cdnoticias.com\/wp-content\/uploads\/2021\/02\/parte02-10.jpg?resize=1024%2C516&amp;ssl=1 1024w\" sizes=\"auto, (max-width: 800px) 100vw, 800px\" \/><\/p>\n<p>&nbsp;<\/p>\n<p>Finalmente, en lo que respecta a la ocupaci\u00f3n hospitalaria, <strong>7 personas est\u00e1n internadas en la Unidad de Terapia Intensiva del Hospital Municipal \u201cDr. H\u00e9ctor Cura\u201d y 4 lo hacen en Cl\u00ednica Covid.<\/strong><\/p>\n","protected":false},"excerpt":{"rendered":"<p>Se realizaron 170 testeos y 147 resultaron negativos. Adem\u00e1s, 7 personas est\u00e1n internadas en UTI y 4 lo hacen en<\/p>\n","protected":false},"author":5,"featured_media":14414,"comment_status":"closed","ping_status":"closed","sticky":false,"template":"","format":"standard","meta":{"_jetpack_memberships_contains_paid_content":false,"footnotes":""},"categories":[5,1],"tags":[],"class_list":["post-14533","post","type-post","status-publish","format-standard","has-post-thumbnail","hentry","category-informacion-general","category-portada"],"jetpack_featured_media_url":"https:\/\/i0.wp.com\/cdnoticias.com\/wp-content\/uploads\/2021\/02\/RTA-Salud-Rta-Paseo-Salud.jpg?fit=1968%2C1312&ssl=1","jetpack_sharing_enabled":true,"_links":{"self":[{"href":"https:\/\/cdnoticias.com\/index.php\/wp-json\/wp\/v2\/posts\/14533","targetHints":{"allow":["GET"]}}],"collection":[{"href":"https:\/\/cdnoticias.com\/index.php\/wp-json\/wp\/v2\/posts"}],"about":[{"href":"https:\/\/cdnoticias.com\/index.php\/wp-json\/wp\/v2\/types\/post"}],"author":[{"embeddable":true,"href":"https:\/\/cdnoticias.com\/index.php\/wp-json\/wp\/v2\/users\/5"}],"replies":[{"embeddable":true,"href":"https:\/\/cdnoticias.com\/index.php\/wp-json\/wp\/v2\/comments?post=14533"}],"version-history":[{"count":0,"href":"https:\/\/cdnoticias.com\/index.php\/wp-json\/wp\/v2\/posts\/14533\/revisions"}],"wp:featuredmedia":[{"embeddable":true,"href":"https:\/\/cdnoticias.com\/index.php\/wp-json\/wp\/v2\/media\/14414"}],"wp:attachment":[{"href":"https:\/\/cdnoticias.com\/index.php\/wp-json\/wp\/v2\/media?parent=14533"}],"wp:term":[{"taxonomy":"category","embeddable":true,"href":"https:\/\/cdnoticias.com\/index.php\/wp-json\/wp\/v2\/categories?post=14533"},{"taxonomy":"post_tag","embeddable":true,"href":"https:\/\/cdnoticias.com\/index.php\/wp-json\/wp\/v2\/tags?post=14533"}],"curies":[{"name":"wp","href":"https:\/\/api.w.org\/{rel}","templated":true}]}}