{"id":145284,"date":"2021-12-08T17:52:36","date_gmt":"2021-12-08T20:52:36","guid":{"rendered":"http:\/\/centraldeportes.com.ar\/?p=9213"},"modified":"2021-12-08T17:52:36","modified_gmt":"2021-12-08T20:52:36","slug":"empezaron-las-finales-anuales-de-la-lfo-festejaron-estudiantes-y-el-fortin","status":"publish","type":"post","link":"https:\/\/cdnoticias.com\/index.php\/2021\/12\/08\/empezaron-las-finales-anuales-de-la-lfo-festejaron-estudiantes-y-el-fortin\/","title":{"rendered":"Empezaron las finales anuales de la LFO: festejaron Estudiantes y El Fort\u00edn"},"content":{"rendered":"<p>Las finales anuales de divisiones inferiores organizadas por la Liga de F\u00fatbol de Olavarr\u00eda iniciaron este mi\u00e9rcoles y los primeros dos campeones fueron Estudiantes y El Fort\u00edn. Adem\u00e1s, el \u201cBataraz\u201d recibi\u00f3 los trofeos donde ya se hab\u00eda consagrado por ganar Apertura y Clausura.<!--more--><\/p>\n<hr \/>\n<p>La actividad dio comienzo en el Parque Carlos Guerrero, con la final en D\u00e9cima Divisi\u00f3n que tuvo su campe\u00f3n en la definici\u00f3n por penales. En el tiempo regular, Estudiantes y El Fort\u00edn empataron 0 a 0 y el local se impuso por 4 a 1.<\/p>\n<p>&nbsp;<\/p>\n<p>[soliloquy slug=&#8221;inferiores-6&#8243;]<\/p>\n<p>&nbsp;<\/p>\n<p>Por otro lado, con local\u00eda invertida, El Fort\u00edn recibi\u00f3 a Estudiantes en el Ricardo S\u00e1nchez para definir el campe\u00f3n de Octava y fue victoria \u201cFortinera\u201d por 1 a 0.<\/p>\n<p>&nbsp;<\/p>\n<p>Adem\u00e1s, en Novena y S\u00e9ptima, Estudiantes recibi\u00f3 sus premios por haber sido el mejor del a\u00f1o y adjudicarse los t\u00edtulos de los torneos Apertura y Clausura. En la entrega de premios estuvieron presente las autoridades del ente regulador del f\u00fatbol local.<\/p>\n<p>&nbsp;<\/p>\n<p>Las definiciones con continuar\u00e1n el viernes con la final en Quinta (El Fort\u00edn vs. Racing) y el s\u00e1bado en Sexta (Estudiantes vs. El Fort\u00edn).<\/p>\n","protected":false},"excerpt":{"rendered":"<p>Las finales anuales de divisiones inferiores organizadas por la Liga de F\u00fatbol de Olavarr\u00eda iniciaron este mi\u00e9rcoles y los primeros<\/p>\n","protected":false},"author":96739694,"featured_media":145285,"comment_status":"closed","ping_status":"closed","sticky":false,"template":"","format":"standard","meta":{"_jetpack_memberships_contains_paid_content":false,"footnotes":""},"categories":[35,40,1],"tags":[],"class_list":["post-145284","post","type-post","status-publish","format-standard","has-post-thumbnail","hentry","category-futbol","category-inferiores","category-portada"],"jetpack_featured_media_url":"https:\/\/i0.wp.com\/cdnoticias.com\/wp-content\/uploads\/2021\/12\/inferiores-5.png?fit=1280%2C853&ssl=1","jetpack_sharing_enabled":true,"_links":{"self":[{"href":"https:\/\/cdnoticias.com\/index.php\/wp-json\/wp\/v2\/posts\/145284","targetHints":{"allow":["GET"]}}],"collection":[{"href":"https:\/\/cdnoticias.com\/index.php\/wp-json\/wp\/v2\/posts"}],"about":[{"href":"https:\/\/cdnoticias.com\/index.php\/wp-json\/wp\/v2\/types\/post"}],"author":[{"embeddable":true,"href":"https:\/\/cdnoticias.com\/index.php\/wp-json\/wp\/v2\/users\/96739694"}],"replies":[{"embeddable":true,"href":"https:\/\/cdnoticias.com\/index.php\/wp-json\/wp\/v2\/comments?post=145284"}],"version-history":[{"count":0,"href":"https:\/\/cdnoticias.com\/index.php\/wp-json\/wp\/v2\/posts\/145284\/revisions"}],"wp:featuredmedia":[{"embeddable":true,"href":"https:\/\/cdnoticias.com\/index.php\/wp-json\/wp\/v2\/media\/145285"}],"wp:attachment":[{"href":"https:\/\/cdnoticias.com\/index.php\/wp-json\/wp\/v2\/media?parent=145284"}],"wp:term":[{"taxonomy":"category","embeddable":true,"href":"https:\/\/cdnoticias.com\/index.php\/wp-json\/wp\/v2\/categories?post=145284"},{"taxonomy":"post_tag","embeddable":true,"href":"https:\/\/cdnoticias.com\/index.php\/wp-json\/wp\/v2\/tags?post=145284"}],"curies":[{"name":"wp","href":"https:\/\/api.w.org\/{rel}","templated":true}]}}