{"id":145270,"date":"2021-12-09T20:35:08","date_gmt":"2021-12-09T23:35:08","guid":{"rendered":"http:\/\/centraldeportes.com.ar\/?p=9319"},"modified":"2021-12-09T20:35:08","modified_gmt":"2021-12-09T23:35:08","slug":"comu-cambio-el-dt-y-gano-con-el-aporte-de-alejandro-diez","status":"publish","type":"post","link":"https:\/\/cdnoticias.com\/index.php\/2021\/12\/09\/comu-cambio-el-dt-y-gano-con-el-aporte-de-alejandro-diez\/","title":{"rendered":"\u201cComu\u201d cambi\u00f3 el DT y gan\u00f3 con el aporte de Alejandro Diez"},"content":{"rendered":"<p>Comunicaciones volvi\u00f3 a presentarse en La Liga Nacional y logr\u00f3 sumar su primera victoria en condici\u00f3n de local de la temporada en el estreno de Hern\u00e1n Laginestra como nuevo DT del equipo correntino.<!--more--><\/p>\n<hr \/>\n<p>Tras cuatro derrotas seguidas en Mercedes, Comunicaciones logr\u00f3 su primera victoria al derrotar a Instituto por 83 a 82.<\/p>\n<p>&nbsp;<\/p>\n<p>Alejandro Diez fue uno de los puntos altos en \u201cComu\u201d y en 36:22 minutos en cancha sum\u00f3 15 puntos, 9 rebotes, 1 asistencia y 1 recupero para sumar 23 de valoraci\u00f3n.<\/p>\n","protected":false},"excerpt":{"rendered":"<p>Comunicaciones volvi\u00f3 a presentarse en La Liga Nacional y logr\u00f3 sumar su primera victoria en condici\u00f3n de local de la<\/p>\n","protected":false},"author":96739694,"featured_media":145271,"comment_status":"closed","ping_status":"closed","sticky":false,"template":"","format":"standard","meta":{"_jetpack_memberships_contains_paid_content":false,"footnotes":""},"categories":[31,36,1],"tags":[],"class_list":["post-145270","post","type-post","status-publish","format-standard","has-post-thumbnail","hentry","category-basquet","category-liga-nacional","category-portada"],"jetpack_featured_media_url":"https:\/\/i0.wp.com\/cdnoticias.com\/wp-content\/uploads\/2021\/12\/dsc_0066_p4.jpg?fit=1024%2C645&ssl=1","jetpack_sharing_enabled":true,"_links":{"self":[{"href":"https:\/\/cdnoticias.com\/index.php\/wp-json\/wp\/v2\/posts\/145270","targetHints":{"allow":["GET"]}}],"collection":[{"href":"https:\/\/cdnoticias.com\/index.php\/wp-json\/wp\/v2\/posts"}],"about":[{"href":"https:\/\/cdnoticias.com\/index.php\/wp-json\/wp\/v2\/types\/post"}],"author":[{"embeddable":true,"href":"https:\/\/cdnoticias.com\/index.php\/wp-json\/wp\/v2\/users\/96739694"}],"replies":[{"embeddable":true,"href":"https:\/\/cdnoticias.com\/index.php\/wp-json\/wp\/v2\/comments?post=145270"}],"version-history":[{"count":0,"href":"https:\/\/cdnoticias.com\/index.php\/wp-json\/wp\/v2\/posts\/145270\/revisions"}],"wp:featuredmedia":[{"embeddable":true,"href":"https:\/\/cdnoticias.com\/index.php\/wp-json\/wp\/v2\/media\/145271"}],"wp:attachment":[{"href":"https:\/\/cdnoticias.com\/index.php\/wp-json\/wp\/v2\/media?parent=145270"}],"wp:term":[{"taxonomy":"category","embeddable":true,"href":"https:\/\/cdnoticias.com\/index.php\/wp-json\/wp\/v2\/categories?post=145270"},{"taxonomy":"post_tag","embeddable":true,"href":"https:\/\/cdnoticias.com\/index.php\/wp-json\/wp\/v2\/tags?post=145270"}],"curies":[{"name":"wp","href":"https:\/\/api.w.org\/{rel}","templated":true}]}}