{"id":145267,"date":"2021-12-09T20:50:20","date_gmt":"2021-12-09T23:50:20","guid":{"rendered":"http:\/\/centraldeportes.com.ar\/?p=9324"},"modified":"2021-12-09T20:50:20","modified_gmt":"2021-12-09T23:50:20","slug":"estan-los-arbitros-para-la-5-fecha-del-torneo-regional-amateur","status":"publish","type":"post","link":"https:\/\/cdnoticias.com\/index.php\/2021\/12\/09\/estan-los-arbitros-para-la-5-fecha-del-torneo-regional-amateur\/","title":{"rendered":"Est\u00e1n los \u00e1rbitros para la 5\u00b0 fecha del Torneo Regional Amateur"},"content":{"rendered":"<p>Este jueves se dieron a conocer los \u00e1rbitros para una nueva fecha del Torneo Regional Amateur. Llegar\u00e1 una terna desde Tandil y volver\u00e1 a dirigir Lisandro Rodr\u00edguez.<!--more--><\/p>\n<hr \/>\n<p>El Consejo Federal dio a conocer los equipos arbitrales que dirigir\u00e1n el fin de semana y para la Zona 4 de la Regi\u00f3n Pampeana Sur ser\u00e1n una terna de Tandil y otra local.<\/p>\n<p>&nbsp;<\/p>\n<p>El s\u00e1bado ser\u00e1 el turno de que Racing reciba a Estudiantes desde las 17:30 en el Buglione Martinese con el arbitraje de Jes\u00fas \u00c1lvarez y la compa\u00f1\u00eda de Lautaro Paletta y Mat\u00edas Picot Domenez, todos oriundos de Tandil.<\/p>\n<p>&nbsp;<\/p>\n<p>Por otro lado, Lisandro Rodr\u00edguez con Augusto Garc\u00eda y Agustina Loos ser\u00e1n los encargados de impartir justicia en el duelo entre Embajadores y Ferro que se jugar\u00e1 el domingo desde las 18:30.<\/p>\n","protected":false},"excerpt":{"rendered":"<p>Este jueves se dieron a conocer los \u00e1rbitros para una nueva fecha del Torneo Regional Amateur. Llegar\u00e1 una terna desde<\/p>\n","protected":false},"author":96739694,"featured_media":145268,"comment_status":"closed","ping_status":"closed","sticky":false,"template":"","format":"standard","meta":{"_jetpack_memberships_contains_paid_content":false,"footnotes":""},"categories":[35,1,54],"tags":[],"class_list":["post-145267","post","type-post","status-publish","format-standard","has-post-thumbnail","hentry","category-futbol","category-portada","category-torneo-regional-amateur"],"jetpack_featured_media_url":"https:\/\/i0.wp.com\/cdnoticias.com\/wp-content\/uploads\/2021\/11\/racing-estudiantes-torneo-5.png?fit=1280%2C853&ssl=1","jetpack_sharing_enabled":true,"_links":{"self":[{"href":"https:\/\/cdnoticias.com\/index.php\/wp-json\/wp\/v2\/posts\/145267","targetHints":{"allow":["GET"]}}],"collection":[{"href":"https:\/\/cdnoticias.com\/index.php\/wp-json\/wp\/v2\/posts"}],"about":[{"href":"https:\/\/cdnoticias.com\/index.php\/wp-json\/wp\/v2\/types\/post"}],"author":[{"embeddable":true,"href":"https:\/\/cdnoticias.com\/index.php\/wp-json\/wp\/v2\/users\/96739694"}],"replies":[{"embeddable":true,"href":"https:\/\/cdnoticias.com\/index.php\/wp-json\/wp\/v2\/comments?post=145267"}],"version-history":[{"count":0,"href":"https:\/\/cdnoticias.com\/index.php\/wp-json\/wp\/v2\/posts\/145267\/revisions"}],"wp:featuredmedia":[{"embeddable":true,"href":"https:\/\/cdnoticias.com\/index.php\/wp-json\/wp\/v2\/media\/145268"}],"wp:attachment":[{"href":"https:\/\/cdnoticias.com\/index.php\/wp-json\/wp\/v2\/media?parent=145267"}],"wp:term":[{"taxonomy":"category","embeddable":true,"href":"https:\/\/cdnoticias.com\/index.php\/wp-json\/wp\/v2\/categories?post=145267"},{"taxonomy":"post_tag","embeddable":true,"href":"https:\/\/cdnoticias.com\/index.php\/wp-json\/wp\/v2\/tags?post=145267"}],"curies":[{"name":"wp","href":"https:\/\/api.w.org\/{rel}","templated":true}]}}