{"id":145132,"date":"2021-11-30T17:11:54","date_gmt":"2021-11-30T20:11:54","guid":{"rendered":"http:\/\/centraldeportes.com.ar\/?p=8746"},"modified":"2021-11-30T17:11:54","modified_gmt":"2021-11-30T20:11:54","slug":"bautizaron-la-secretaria-de-pueblo-nuevo-en-honor-a-carolo-maletta","status":"publish","type":"post","link":"https:\/\/cdnoticias.com\/index.php\/2021\/11\/30\/bautizaron-la-secretaria-de-pueblo-nuevo-en-honor-a-carolo-maletta\/","title":{"rendered":"Bautizaron la secretar\u00eda de Pueblo Nuevo en honor a &#8220;Carolo&#8221; Maletta"},"content":{"rendered":"<p>La Comisi\u00f3n Directiva del Club Pueblo Nuevo realiz\u00f3 un breve acto para homenajear a un incansable colaborador y empleado de la entidad que falleci\u00f3 en febrero pasado y desde ahora la secretar\u00eda \u201calbiverde\u201d se llama Carlos \u201cCarolo\u201d Maletta.<!--more--><\/p>\n<hr \/>\n<p>\u201cCarolo\u201d Maletta trabaj\u00f3 sus \u00faltimos a\u00f1os de vida como administrativo de la instituci\u00f3n y falleci\u00f3 en febrero de este a\u00f1o y el pasado fin de semana se realiz\u00f3 un homenaje del que participaron autoridades del club, allegados al ex deportista y familiares que descubrieron una placa en su honor.<\/p>\n<p>&nbsp;<\/p>\n<p>\u201cReconocimiento a quien hace m\u00e1s de 40 a\u00f1os paso a pr\u00e9stamo por 6 meses y se quedo para siempre con nosotros\u201d, destac\u00f3 Jos\u00e9 Maceo en sus redes sociales tras la ceremonia.<\/p>\n","protected":false},"excerpt":{"rendered":"<p>La Comisi\u00f3n Directiva del Club Pueblo Nuevo realiz\u00f3 un breve acto para homenajear a un incansable colaborador y empleado de<\/p>\n","protected":false},"author":96739694,"featured_media":145133,"comment_status":"closed","ping_status":"closed","sticky":false,"template":"","format":"standard","meta":{"_jetpack_memberships_contains_paid_content":false,"footnotes":""},"categories":[30,1],"tags":[],"class_list":["post-145132","post","type-post","status-publish","format-standard","has-post-thumbnail","hentry","category-polideportivo","category-portada"],"jetpack_featured_media_url":"https:\/\/i0.wp.com\/cdnoticias.com\/wp-content\/uploads\/2021\/11\/261439539_5562667720427067_3350585411356109891_n-e1638303100910.jpg?fit=720%2C504&ssl=1","jetpack_sharing_enabled":true,"_links":{"self":[{"href":"https:\/\/cdnoticias.com\/index.php\/wp-json\/wp\/v2\/posts\/145132","targetHints":{"allow":["GET"]}}],"collection":[{"href":"https:\/\/cdnoticias.com\/index.php\/wp-json\/wp\/v2\/posts"}],"about":[{"href":"https:\/\/cdnoticias.com\/index.php\/wp-json\/wp\/v2\/types\/post"}],"author":[{"embeddable":true,"href":"https:\/\/cdnoticias.com\/index.php\/wp-json\/wp\/v2\/users\/96739694"}],"replies":[{"embeddable":true,"href":"https:\/\/cdnoticias.com\/index.php\/wp-json\/wp\/v2\/comments?post=145132"}],"version-history":[{"count":0,"href":"https:\/\/cdnoticias.com\/index.php\/wp-json\/wp\/v2\/posts\/145132\/revisions"}],"wp:featuredmedia":[{"embeddable":true,"href":"https:\/\/cdnoticias.com\/index.php\/wp-json\/wp\/v2\/media\/145133"}],"wp:attachment":[{"href":"https:\/\/cdnoticias.com\/index.php\/wp-json\/wp\/v2\/media?parent=145132"}],"wp:term":[{"taxonomy":"category","embeddable":true,"href":"https:\/\/cdnoticias.com\/index.php\/wp-json\/wp\/v2\/categories?post=145132"},{"taxonomy":"post_tag","embeddable":true,"href":"https:\/\/cdnoticias.com\/index.php\/wp-json\/wp\/v2\/tags?post=145132"}],"curies":[{"name":"wp","href":"https:\/\/api.w.org\/{rel}","templated":true}]}}