{"id":145123,"date":"2021-12-01T16:28:53","date_gmt":"2021-12-01T19:28:53","guid":{"rendered":"http:\/\/centraldeportes.com.ar\/?p=8779"},"modified":"2021-12-01T16:28:53","modified_gmt":"2021-12-01T19:28:53","slug":"paso-otra-fecha-para-los-olavarrienses-en-primera-division","status":"publish","type":"post","link":"https:\/\/cdnoticias.com\/index.php\/2021\/12\/01\/paso-otra-fecha-para-los-olavarrienses-en-primera-division\/","title":{"rendered":"Pas\u00f3 otra fecha para los olavarrienses en Primera Divisi\u00f3n"},"content":{"rendered":"<p>Desde el pasado fin de semana y hasta el martes se jug\u00f3 la 23\u00b0 fecha del \u201cTorneo de los Socios\u201d organizado por la Asociaci\u00f3n de F\u00fatbol Argentino y hubo minutos para los olavarrienses.<!--more--><\/p>\n<hr \/>\n<p>El primero en salir a la cancha fue Lucas Janson con Velez en la derrota 1 a 0 ante <a href=\"http:\/\/centraldeportes.com.ar\/el-pincha-se-sumo-a-reunir-ayuda-por-joaquin-draghi\/\">Estudiantes<\/a>. El olavarriense fue titular y sali\u00f3 reemplazado en la segunda parte.<\/p>\n<p>&nbsp;<\/p>\n<p>Otro de los titulares fue Braian Salvareschi, pero fue derrota para Sarmiento por 1 a 0 ante San Lorenzo. El surgido en El Fort\u00edn complet\u00f3 los 90 minutos.<\/p>\n<p>&nbsp;<\/p>\n<p>Adem\u00e1s, Pedro De la Vega ingres\u00f3 20 minutos en Lan\u00fas que el pasado lunes cay\u00f3 3 a 1 ante Racing. El jugador con pasado en Ferro reemplaz\u00f3 a Acosta en el \u201cGranate\u201d.<\/p>\n","protected":false},"excerpt":{"rendered":"<p>Desde el pasado fin de semana y hasta el martes se jug\u00f3 la 23\u00b0 fecha del \u201cTorneo de los Socios\u201d<\/p>\n","protected":false},"author":96739694,"featured_media":145124,"comment_status":"closed","ping_status":"closed","sticky":false,"template":"","format":"standard","meta":{"_jetpack_memberships_contains_paid_content":false,"footnotes":""},"categories":[35,37,1],"tags":[],"class_list":["post-145123","post","type-post","status-publish","format-standard","has-post-thumbnail","hentry","category-futbol","category-futbol-profesional","category-portada"],"jetpack_featured_media_url":"https:\/\/i0.wp.com\/cdnoticias.com\/wp-content\/uploads\/2021\/12\/img_20211128_000441.jpg?fit=1392%2C928&ssl=1","jetpack_sharing_enabled":true,"_links":{"self":[{"href":"https:\/\/cdnoticias.com\/index.php\/wp-json\/wp\/v2\/posts\/145123","targetHints":{"allow":["GET"]}}],"collection":[{"href":"https:\/\/cdnoticias.com\/index.php\/wp-json\/wp\/v2\/posts"}],"about":[{"href":"https:\/\/cdnoticias.com\/index.php\/wp-json\/wp\/v2\/types\/post"}],"author":[{"embeddable":true,"href":"https:\/\/cdnoticias.com\/index.php\/wp-json\/wp\/v2\/users\/96739694"}],"replies":[{"embeddable":true,"href":"https:\/\/cdnoticias.com\/index.php\/wp-json\/wp\/v2\/comments?post=145123"}],"version-history":[{"count":0,"href":"https:\/\/cdnoticias.com\/index.php\/wp-json\/wp\/v2\/posts\/145123\/revisions"}],"wp:featuredmedia":[{"embeddable":true,"href":"https:\/\/cdnoticias.com\/index.php\/wp-json\/wp\/v2\/media\/145124"}],"wp:attachment":[{"href":"https:\/\/cdnoticias.com\/index.php\/wp-json\/wp\/v2\/media?parent=145123"}],"wp:term":[{"taxonomy":"category","embeddable":true,"href":"https:\/\/cdnoticias.com\/index.php\/wp-json\/wp\/v2\/categories?post=145123"},{"taxonomy":"post_tag","embeddable":true,"href":"https:\/\/cdnoticias.com\/index.php\/wp-json\/wp\/v2\/tags?post=145123"}],"curies":[{"name":"wp","href":"https:\/\/api.w.org\/{rel}","templated":true}]}}