{"id":14510,"date":"2021-02-23T14:22:35","date_gmt":"2021-02-23T17:22:35","guid":{"rendered":"http:\/\/www.centraldenoticias.com.ar\/?p=14510"},"modified":"2021-02-23T16:03:08","modified_gmt":"2021-02-23T19:03:08","slug":"tras-reunion-entre-municipio-y-provincia-cambia-un-lugar-de-vacunacion-contra-el-covid","status":"publish","type":"post","link":"https:\/\/cdnoticias.com\/index.php\/2021\/02\/23\/tras-reunion-entre-municipio-y-provincia-cambia-un-lugar-de-vacunacion-contra-el-covid\/","title":{"rendered":"Tras reuni\u00f3n entre Municipio y Provincia, cambia un lugar de vacunaci\u00f3n contra el COVID"},"content":{"rendered":"<p>Ser\u00e1 en el Servicio Territorial N\u00b0 2, en reemplazo de la Escuela Secundaria N\u00b0 1 por el inicio de clases presenciales. La reuni\u00f3n se desarroll\u00f3 este martes en el Palacio San Mart\u00edn.<!--more--><\/p>\n<hr \/>\n<p>Luego de un encuentro entre representantes del Municipio y funcionarios provinciales de Salud, <strong>se decidieron cambios para la vacunaci\u00f3n contra el COVID 19: el Servicio Territorial N\u00b0 2 reemplazar\u00e1 a la Escuela Secundaria N\u00b0 1 ante el inminente inicio de clases presenciales.<\/strong><\/p>\n<p>&nbsp;<\/p>\n<p>En el encuentro participaron el Secretario de Gobierno Hilario Galli, el Secretario de Salud Germ\u00e1n Caputo, el Subsecretario de Salud Christian Waimann, la Directora de Epidemiolog\u00eda Mar\u00eda del Carmen Weiss, la Directora de Atenci\u00f3n Primaria de la Salud Virginia Draghi, el titular de Regi\u00f3n Sanitaria IX Ramiro Borzi, los Directores del Hospital Provincial de Oncolog\u00eda Silvina Rosende y Mario D\u00edaz, el titular de PAMI Jorge Garaiz y el responsable de IOMA Ramiro V\u00e1zquez.<\/p>\n<p>&nbsp;<\/p>\n<p><img data-recalc-dims=\"1\" loading=\"lazy\" decoding=\"async\" class=\"alignnone size-full wp-image-14512\" src=\"https:\/\/i0.wp.com\/cdnoticias.com\/wp-content\/uploads\/2021\/02\/Salud-Operativo-Vacunacion-scaled.jpg?resize=800%2C458&#038;ssl=1\" alt=\"\" width=\"800\" height=\"458\" srcset=\"https:\/\/i0.wp.com\/cdnoticias.com\/wp-content\/uploads\/2021\/02\/Salud-Operativo-Vacunacion-scaled.jpg?w=2560&amp;ssl=1 2560w, https:\/\/i0.wp.com\/cdnoticias.com\/wp-content\/uploads\/2021\/02\/Salud-Operativo-Vacunacion-scaled.jpg?resize=300%2C172&amp;ssl=1 300w, https:\/\/i0.wp.com\/cdnoticias.com\/wp-content\/uploads\/2021\/02\/Salud-Operativo-Vacunacion-scaled.jpg?resize=768%2C440&amp;ssl=1 768w, https:\/\/i0.wp.com\/cdnoticias.com\/wp-content\/uploads\/2021\/02\/Salud-Operativo-Vacunacion-scaled.jpg?resize=1024%2C586&amp;ssl=1 1024w, https:\/\/i0.wp.com\/cdnoticias.com\/wp-content\/uploads\/2021\/02\/Salud-Operativo-Vacunacion-scaled.jpg?w=1600&amp;ssl=1 1600w, https:\/\/i0.wp.com\/cdnoticias.com\/wp-content\/uploads\/2021\/02\/Salud-Operativo-Vacunacion-scaled.jpg?w=2400&amp;ssl=1 2400w\" sizes=\"auto, (max-width: 800px) 100vw, 800px\" \/><\/p>\n<p>&nbsp;<\/p>\n<p>La imposibilidad de compartir espacios entre el sistema educativo y el operativo especial de vacunaci\u00f3n hizo que se tomen determinaciones puntuales: <strong>el Servicio Territorial N\u00b0 2 ubicado en Alberdi y Coronel Su\u00e1rez ser\u00e1 la nueva sede, mientras que se mantendr\u00e1n los vacunatorios del Hospital Municipal \u201cDr. H\u00e9ctor Cura\u201d y en el Hospital provincial de Oncolog\u00eda.<\/strong><\/p>\n<p>&nbsp;<\/p>\n<blockquote><p>Los funcionarios municipales y provinciales dejaron en claro que s\u00f3lo se vacunar\u00e1 a quienes tengan un turno asignado y hayan sido debidamente notificados.<\/p><\/blockquote>\n<p>&nbsp;<\/p>\n<p>Tambi\u00e9n se\u00f1alaron que<strong> siguen teniendo prioridad en el esquema de vacunaci\u00f3n los adultos mayores de 70 a\u00f1os que se hayan anotado en la web www.vacunate.gba.gob.ar\u00a0<\/strong> y que se ir\u00e1n abriendo distintos centros de vacunaci\u00f3n a lo largo del Partido.<\/p>\n<p>&nbsp;<\/p>\n<p>Finalmente, durante la reuni\u00f3n se inform\u00f3 que,<strong> a medida que se reciban m\u00e1s dosis de las vacunas, se realizar\u00e1 un operativo especial de vacunaci\u00f3n en las localidades del Partido<\/strong> que ser\u00e1 informada oportunamente.<\/p>\n","protected":false},"excerpt":{"rendered":"<p>Ser\u00e1 en el Servicio Territorial N\u00b0 2, en reemplazo de la Escuela Secundaria N\u00b0 1 por el inicio de clases<\/p>\n","protected":false},"author":2,"featured_media":14511,"comment_status":"closed","ping_status":"closed","sticky":false,"template":"","format":"standard","meta":{"_jetpack_memberships_contains_paid_content":false,"footnotes":""},"categories":[5,1],"tags":[],"class_list":["post-14510","post","type-post","status-publish","format-standard","has-post-thumbnail","hentry","category-informacion-general","category-portada"],"jetpack_featured_media_url":"https:\/\/i0.wp.com\/cdnoticias.com\/wp-content\/uploads\/2021\/02\/Salud-Operativo-Vacunacion1-scaled.jpg?fit=2560%2C1466&ssl=1","jetpack_sharing_enabled":true,"_links":{"self":[{"href":"https:\/\/cdnoticias.com\/index.php\/wp-json\/wp\/v2\/posts\/14510","targetHints":{"allow":["GET"]}}],"collection":[{"href":"https:\/\/cdnoticias.com\/index.php\/wp-json\/wp\/v2\/posts"}],"about":[{"href":"https:\/\/cdnoticias.com\/index.php\/wp-json\/wp\/v2\/types\/post"}],"author":[{"embeddable":true,"href":"https:\/\/cdnoticias.com\/index.php\/wp-json\/wp\/v2\/users\/2"}],"replies":[{"embeddable":true,"href":"https:\/\/cdnoticias.com\/index.php\/wp-json\/wp\/v2\/comments?post=14510"}],"version-history":[{"count":0,"href":"https:\/\/cdnoticias.com\/index.php\/wp-json\/wp\/v2\/posts\/14510\/revisions"}],"wp:featuredmedia":[{"embeddable":true,"href":"https:\/\/cdnoticias.com\/index.php\/wp-json\/wp\/v2\/media\/14511"}],"wp:attachment":[{"href":"https:\/\/cdnoticias.com\/index.php\/wp-json\/wp\/v2\/media?parent=14510"}],"wp:term":[{"taxonomy":"category","embeddable":true,"href":"https:\/\/cdnoticias.com\/index.php\/wp-json\/wp\/v2\/categories?post=14510"},{"taxonomy":"post_tag","embeddable":true,"href":"https:\/\/cdnoticias.com\/index.php\/wp-json\/wp\/v2\/tags?post=14510"}],"curies":[{"name":"wp","href":"https:\/\/api.w.org\/{rel}","templated":true}]}}