{"id":145080,"date":"2021-11-27T21:46:28","date_gmt":"2021-11-28T00:46:28","guid":{"rendered":"http:\/\/centraldeportes.com.ar\/?p=8574"},"modified":"2021-11-27T21:46:28","modified_gmt":"2021-11-28T00:46:28","slug":"torneo-regional-amateur-el-clasico-se-suspendio-por-la-intensa-lluvia","status":"publish","type":"post","link":"https:\/\/cdnoticias.com\/index.php\/2021\/11\/27\/torneo-regional-amateur-el-clasico-se-suspendio-por-la-intensa-lluvia\/","title":{"rendered":"Torneo Regional Amateur: el cl\u00e1sico se suspendi\u00f3 por la intensa lluvia"},"content":{"rendered":"<p>El encuentro entre Estudiantes y Racing por la segunda fecha de la Zona 4 se interrumpi\u00f3 a los 20 minutos del primer tiempo cuando iban 0 a 0 y tendr\u00e1 su continuaci\u00f3n este domingo 28 a las 11:00.<!--more--><\/p>\n<hr \/>\n<p>Qued\u00f3 opacado el arranque del segundo compromiso para el \u201cbataraz\u201d y el \u201cchaira\u201d debido al agua ca\u00edda en el terreno de juego del Parque Carlos Guerrero, que imposibilit\u00f3 que se contin\u00faen las acciones.<\/p>\n<p>&nbsp;<\/p>\n<p>En esos 20 minutos que se pudo jugar Racing tuvo las llegadas m\u00e1s claras a trav\u00e9s de la pelota parada, pero luego la cancha se puso dif\u00edcil y el juego brusco se hizo presente donde ambos equipos tuvieron amonestados.<\/p>\n<p>&nbsp;<\/p>\n<p>[soliloquy slug=&#8221;racing-estudiantes&#8221;]<\/p>\n<p>&nbsp;<\/p>\n<p>Ante las circunstancias previstas Lisandro Rodr\u00edguez, el \u00e1rbitro del encuentro, decidi\u00f3 reunir a los capitanes y cuerpo t\u00e9cnico en el c\u00edrculo central para confirmarles la suspensi\u00f3n del partido.<\/p>\n<p>&nbsp;<\/p>\n<p>Finalmente ambas partes acordaron que el cotejo se termine de jugar este domingo a partir de las 11:00. En caso de que las condiciones no est\u00e9n dadas decidir\u00e1 el Consejo Federal.<\/p>\n<p>&nbsp;<\/p>\n<p>S\u00edntesis Estudiantes \u2013 Racing:<\/p>\n<p><strong>Estudiantes (0): <\/strong>Juli\u00e1n Masson; Lautaro Basterrica, Leandro Castar\u00e9s, Richard Lazarev, Valent\u00edn Gonz\u00e1lez; Lucas Romero, Nahuel P\u00e1jaro, Sim\u00f3n Lohidoy, Claudio Gim\u00e9nez; Mateo Tuset y Emilio Seibel. DT: Dardo Seibel.<\/p>\n<p><strong>Racing (0): <\/strong>Mauro Beltramella; Manuel Scacheri, Mat\u00edas Lozano, Gonzalo Izaguirre, Leonardo Vitale; Facundo Aguerre, Santiago Izaguirre, Franco Janson, Jonathan Campo; Luciano Rojas y \u00c1ngel Prudencio. DT: Duilio Botella.<\/p>\n<p><strong>Incidencias: suspendido a los 20m. PT por la intensa lluvia.<\/strong><\/p>\n<p>Goles: No hubo.<\/p>\n<p>Amarillas: Basterrica (Estudiantes); Gonzalo Izaguirre y Lozano (Racing).<\/p>\n<p>Expulsados: No hubo.<\/p>\n<p>\u00c1rbitro: Lisandro Rodr\u00edguez. Estadio: Parque Carlos Guerrero.<\/p>\n","protected":false},"excerpt":{"rendered":"<p>El encuentro entre Estudiantes y Racing por la segunda fecha de la Zona 4 se interrumpi\u00f3 a los 20 minutos<\/p>\n","protected":false},"author":96739694,"featured_media":145081,"comment_status":"closed","ping_status":"closed","sticky":false,"template":"","format":"standard","meta":{"_jetpack_memberships_contains_paid_content":false,"footnotes":""},"categories":[35,1,54],"tags":[],"class_list":["post-145080","post","type-post","status-publish","format-standard","has-post-thumbnail","hentry","category-futbol","category-portada","category-torneo-regional-amateur"],"jetpack_featured_media_url":"https:\/\/i0.wp.com\/cdnoticias.com\/wp-content\/uploads\/2021\/11\/racing-estudiantes-torneo-3.png?fit=1280%2C853&ssl=1","jetpack_sharing_enabled":true,"_links":{"self":[{"href":"https:\/\/cdnoticias.com\/index.php\/wp-json\/wp\/v2\/posts\/145080","targetHints":{"allow":["GET"]}}],"collection":[{"href":"https:\/\/cdnoticias.com\/index.php\/wp-json\/wp\/v2\/posts"}],"about":[{"href":"https:\/\/cdnoticias.com\/index.php\/wp-json\/wp\/v2\/types\/post"}],"author":[{"embeddable":true,"href":"https:\/\/cdnoticias.com\/index.php\/wp-json\/wp\/v2\/users\/96739694"}],"replies":[{"embeddable":true,"href":"https:\/\/cdnoticias.com\/index.php\/wp-json\/wp\/v2\/comments?post=145080"}],"version-history":[{"count":0,"href":"https:\/\/cdnoticias.com\/index.php\/wp-json\/wp\/v2\/posts\/145080\/revisions"}],"wp:featuredmedia":[{"embeddable":true,"href":"https:\/\/cdnoticias.com\/index.php\/wp-json\/wp\/v2\/media\/145081"}],"wp:attachment":[{"href":"https:\/\/cdnoticias.com\/index.php\/wp-json\/wp\/v2\/media?parent=145080"}],"wp:term":[{"taxonomy":"category","embeddable":true,"href":"https:\/\/cdnoticias.com\/index.php\/wp-json\/wp\/v2\/categories?post=145080"},{"taxonomy":"post_tag","embeddable":true,"href":"https:\/\/cdnoticias.com\/index.php\/wp-json\/wp\/v2\/tags?post=145080"}],"curies":[{"name":"wp","href":"https:\/\/api.w.org\/{rel}","templated":true}]}}