{"id":145073,"date":"2021-11-28T11:32:14","date_gmt":"2021-11-28T14:32:14","guid":{"rendered":"http:\/\/centraldeportes.com.ar\/?p=8607"},"modified":"2021-11-28T11:32:14","modified_gmt":"2021-11-28T14:32:14","slug":"estudiantes-y-racing-continuaran-por-la-tarde-a-puertas-cerradas","status":"publish","type":"post","link":"https:\/\/cdnoticias.com\/index.php\/2021\/11\/28\/estudiantes-y-racing-continuaran-por-la-tarde-a-puertas-cerradas\/","title":{"rendered":"Estudiantes y Racing continuar\u00e1n por la tarde a puertas cerradas"},"content":{"rendered":"<p>El partido que estaba pactado para las 11:00 de este domingo finalmente se jugar\u00e1 a las 14:00 y sin espectadores en las gradas del Parque Carlos Guerrero.<!--more--><\/p>\n<hr \/>\n<p>Esta vez la lluvia no fue el impedimento de la continuaci\u00f3n del encuentro que debi\u00f3 jugarse el pasado s\u00e1bado y que fue suspendido por la magnitud del agua ca\u00edda en la ciudad.<\/p>\n<p>&nbsp;<\/p>\n<figure id=\"attachment_8609\" aria-describedby=\"caption-attachment-8609\" style=\"width: 328px\" class=\"wp-caption aligncenter\"><img data-recalc-dims=\"1\" loading=\"lazy\" decoding=\"async\" class=\"wp-image-8609\" src=\"https:\/\/i0.wp.com\/centraldeportes.com.ar\/wp-content\/uploads\/2021\/11\/WhatsApp-Image-2021-11-28-at-10.54.18-300x300.jpeg?resize=328%2C328\" alt=\"\" width=\"328\" height=\"328\" \/><figcaption id=\"caption-attachment-8609\" class=\"wp-caption-text\">Foto: Prensa CAE<\/figcaption><\/figure>\n<p>&nbsp;<\/p>\n<p>En horas de la ma\u00f1ana dirigentes de Estudiantes y Racing se reunieron en las inmediaciones del Parque Guerrero para analizar el estado del campo de juego, pero por decisi\u00f3n de la Agencia de Prevenci\u00f3n de la Violencia en el Deporte (A.Pre.Vi.De.) el partido se posterg\u00f3 para las 14:00.<\/p>\n<p>&nbsp;<\/p>\n<p>La determinaci\u00f3n de porqu\u00e9 no habr\u00e1 p\u00fablico en las gradas se debe a que la habilitaci\u00f3n de A.Pre.Vi.De. no se dio en tiempo y forma, y adem\u00e1s porque la finalizaci\u00f3n del cl\u00e1sico es muy pr\u00f3ximo a la iniciaci\u00f3n del operativo policial del otro encuentro por la Zona 4 entre Ferro Carril Sud y Embajadores pactado para las 19:30.<\/p>\n<p>&nbsp;<\/p>\n<p>Por otro lado, la Comisi\u00f3n Directiva del &#8220;Bataraz&#8221; anunci\u00f3 que todo aquel que conserve el ticket del encuentro recibir\u00e1 el reintegro de su compra.<\/p>\n","protected":false},"excerpt":{"rendered":"<p>El partido que estaba pactado para las 11:00 de este domingo finalmente se jugar\u00e1 a las 14:00 y sin espectadores<\/p>\n","protected":false},"author":96739694,"featured_media":145075,"comment_status":"closed","ping_status":"closed","sticky":false,"template":"","format":"standard","meta":{"_jetpack_memberships_contains_paid_content":false,"footnotes":""},"categories":[35,54],"tags":[],"class_list":["post-145073","post","type-post","status-publish","format-standard","has-post-thumbnail","hentry","category-futbol","category-torneo-regional-amateur"],"jetpack_featured_media_url":"https:\/\/i0.wp.com\/cdnoticias.com\/wp-content\/uploads\/2021\/11\/racing-estudiantes-torneo-1.png?fit=1280%2C853&ssl=1","jetpack_sharing_enabled":true,"_links":{"self":[{"href":"https:\/\/cdnoticias.com\/index.php\/wp-json\/wp\/v2\/posts\/145073","targetHints":{"allow":["GET"]}}],"collection":[{"href":"https:\/\/cdnoticias.com\/index.php\/wp-json\/wp\/v2\/posts"}],"about":[{"href":"https:\/\/cdnoticias.com\/index.php\/wp-json\/wp\/v2\/types\/post"}],"author":[{"embeddable":true,"href":"https:\/\/cdnoticias.com\/index.php\/wp-json\/wp\/v2\/users\/96739694"}],"replies":[{"embeddable":true,"href":"https:\/\/cdnoticias.com\/index.php\/wp-json\/wp\/v2\/comments?post=145073"}],"version-history":[{"count":0,"href":"https:\/\/cdnoticias.com\/index.php\/wp-json\/wp\/v2\/posts\/145073\/revisions"}],"wp:featuredmedia":[{"embeddable":true,"href":"https:\/\/cdnoticias.com\/index.php\/wp-json\/wp\/v2\/media\/145075"}],"wp:attachment":[{"href":"https:\/\/cdnoticias.com\/index.php\/wp-json\/wp\/v2\/media?parent=145073"}],"wp:term":[{"taxonomy":"category","embeddable":true,"href":"https:\/\/cdnoticias.com\/index.php\/wp-json\/wp\/v2\/categories?post=145073"},{"taxonomy":"post_tag","embeddable":true,"href":"https:\/\/cdnoticias.com\/index.php\/wp-json\/wp\/v2\/tags?post=145073"}],"curies":[{"name":"wp","href":"https:\/\/api.w.org\/{rel}","templated":true}]}}