{"id":145060,"date":"2021-11-22T16:23:56","date_gmt":"2021-11-22T19:23:56","guid":{"rendered":"http:\/\/centraldeportes.com.ar\/?p=8294"},"modified":"2021-11-22T16:23:56","modified_gmt":"2021-11-22T19:23:56","slug":"quinta-derrota-de-comunicaciones","status":"publish","type":"post","link":"https:\/\/cdnoticias.com\/index.php\/2021\/11\/22\/quinta-derrota-de-comunicaciones\/","title":{"rendered":"Quinta derrota de Comunicaciones"},"content":{"rendered":"<p>En la \u00faltima fecha antes del parate por las Ventanas FIBA, Comunicaciones recibi\u00f3 a Argentino y fue derrotado por 87 a 84. M\u00e1s de media hora de juego para Alejandro Diez.<\/p>\n<p><!--more--><\/p>\n<hr \/>\n<p>Alejandro Diez jug\u00f3 33:37 minutos con 7 puntos, 9 rebotes, 5 asistencias y 2 recuperos en la quinta derrota de Comunicaciones que solo ha logrado una victoria en lo que va de la temporada.<\/p>\n<p>&nbsp;<\/p>\n<p>La actividad de La Liga Nacional entrar\u00e1 en una pausa obligada por las primeras presentaciones de la Selecci\u00f3n Argentina buscando la clasificaci\u00f3n al Mundial 2023.<\/p>\n","protected":false},"excerpt":{"rendered":"<p>En la \u00faltima fecha antes del parate por las Ventanas FIBA, Comunicaciones recibi\u00f3 a Argentino y fue derrotado por 87<\/p>\n","protected":false},"author":96739694,"featured_media":145061,"comment_status":"closed","ping_status":"closed","sticky":false,"template":"","format":"standard","meta":{"_jetpack_memberships_contains_paid_content":false,"footnotes":""},"categories":[31,36,1],"tags":[],"class_list":["post-145060","post","type-post","status-publish","format-standard","has-post-thumbnail","hentry","category-basquet","category-liga-nacional","category-portada"],"jetpack_featured_media_url":"https:\/\/i0.wp.com\/cdnoticias.com\/wp-content\/uploads\/2021\/11\/WhatsApp-Image-2021-11-22-at-3.35.09-PM.jpeg?fit=1024%2C683&ssl=1","jetpack_sharing_enabled":true,"_links":{"self":[{"href":"https:\/\/cdnoticias.com\/index.php\/wp-json\/wp\/v2\/posts\/145060","targetHints":{"allow":["GET"]}}],"collection":[{"href":"https:\/\/cdnoticias.com\/index.php\/wp-json\/wp\/v2\/posts"}],"about":[{"href":"https:\/\/cdnoticias.com\/index.php\/wp-json\/wp\/v2\/types\/post"}],"author":[{"embeddable":true,"href":"https:\/\/cdnoticias.com\/index.php\/wp-json\/wp\/v2\/users\/96739694"}],"replies":[{"embeddable":true,"href":"https:\/\/cdnoticias.com\/index.php\/wp-json\/wp\/v2\/comments?post=145060"}],"version-history":[{"count":0,"href":"https:\/\/cdnoticias.com\/index.php\/wp-json\/wp\/v2\/posts\/145060\/revisions"}],"wp:featuredmedia":[{"embeddable":true,"href":"https:\/\/cdnoticias.com\/index.php\/wp-json\/wp\/v2\/media\/145061"}],"wp:attachment":[{"href":"https:\/\/cdnoticias.com\/index.php\/wp-json\/wp\/v2\/media?parent=145060"}],"wp:term":[{"taxonomy":"category","embeddable":true,"href":"https:\/\/cdnoticias.com\/index.php\/wp-json\/wp\/v2\/categories?post=145060"},{"taxonomy":"post_tag","embeddable":true,"href":"https:\/\/cdnoticias.com\/index.php\/wp-json\/wp\/v2\/tags?post=145060"}],"curies":[{"name":"wp","href":"https:\/\/api.w.org\/{rel}","templated":true}]}}