{"id":145052,"date":"2021-11-23T02:43:03","date_gmt":"2021-11-23T05:43:03","guid":{"rendered":"http:\/\/centraldeportes.com.ar\/?p=8309"},"modified":"2021-11-23T02:43:03","modified_gmt":"2021-11-23T05:43:03","slug":"los-encuentros-de-mini-marcaron-el-final-del-torneo-abo","status":"publish","type":"post","link":"https:\/\/cdnoticias.com\/index.php\/2021\/11\/23\/los-encuentros-de-mini-marcaron-el-final-del-torneo-abo\/","title":{"rendered":"Los encuentros de Mini marcaron el final del Torneo ABO"},"content":{"rendered":"<p>En los gimnasios de Estudiantes y Ferro se disputaron las definiciones de la categor\u00eda Minib\u00e1squet\u00a0 del certamen organizado por la Asociaci\u00f3n de B\u00e1squet de Olavarr\u00eda.<!--more--><\/p>\n<hr \/>\n<p>En Estudiantes se enfrentaron Estudiantes, Racing, San Mart\u00edn y Racing de La Madrid y el elenco que gan\u00f3 todos sus enfrentamientos fue el \u201cLe\u00f3n Serrano\u201d.<\/p>\n<p>&nbsp;<\/p>\n<p>El otro encuentro se llev\u00f3 a cabo en el De la Vega del \u201cCarbonero\u201d que con sus equipos de ni\u00f1os y ni\u00f1as fueron locales de Pueblo Nuevo, El Fort\u00edn y Las Flores Basket.<\/p>\n<p>&nbsp;<\/p>\n<p>[soliloquy slug=&#8221;mini&#8221;]<\/p>\n<p>&nbsp;<\/p>\n<p>Durante toda la jornada del lunes feriado, los cinco equipos se enfrentaron en cinco encuentros.<\/p>\n","protected":false},"excerpt":{"rendered":"<p>En los gimnasios de Estudiantes y Ferro se disputaron las definiciones de la categor\u00eda Minib\u00e1squet\u00a0 del certamen organizado por la<\/p>\n","protected":false},"author":96739694,"featured_media":145053,"comment_status":"closed","ping_status":"closed","sticky":false,"template":"","format":"standard","meta":{"_jetpack_memberships_contains_paid_content":false,"footnotes":""},"categories":[31,44,1],"tags":[],"class_list":["post-145052","post","type-post","status-publish","format-standard","has-post-thumbnail","hentry","category-basquet","category-inferiores-basquet","category-portada"],"jetpack_featured_media_url":"https:\/\/i0.wp.com\/cdnoticias.com\/wp-content\/uploads\/2021\/11\/mini-3.png?fit=1280%2C853&ssl=1","jetpack_sharing_enabled":true,"_links":{"self":[{"href":"https:\/\/cdnoticias.com\/index.php\/wp-json\/wp\/v2\/posts\/145052","targetHints":{"allow":["GET"]}}],"collection":[{"href":"https:\/\/cdnoticias.com\/index.php\/wp-json\/wp\/v2\/posts"}],"about":[{"href":"https:\/\/cdnoticias.com\/index.php\/wp-json\/wp\/v2\/types\/post"}],"author":[{"embeddable":true,"href":"https:\/\/cdnoticias.com\/index.php\/wp-json\/wp\/v2\/users\/96739694"}],"replies":[{"embeddable":true,"href":"https:\/\/cdnoticias.com\/index.php\/wp-json\/wp\/v2\/comments?post=145052"}],"version-history":[{"count":0,"href":"https:\/\/cdnoticias.com\/index.php\/wp-json\/wp\/v2\/posts\/145052\/revisions"}],"wp:featuredmedia":[{"embeddable":true,"href":"https:\/\/cdnoticias.com\/index.php\/wp-json\/wp\/v2\/media\/145053"}],"wp:attachment":[{"href":"https:\/\/cdnoticias.com\/index.php\/wp-json\/wp\/v2\/media?parent=145052"}],"wp:term":[{"taxonomy":"category","embeddable":true,"href":"https:\/\/cdnoticias.com\/index.php\/wp-json\/wp\/v2\/categories?post=145052"},{"taxonomy":"post_tag","embeddable":true,"href":"https:\/\/cdnoticias.com\/index.php\/wp-json\/wp\/v2\/tags?post=145052"}],"curies":[{"name":"wp","href":"https:\/\/api.w.org\/{rel}","templated":true}]}}