{"id":14498,"date":"2021-02-23T13:28:59","date_gmt":"2021-02-23T16:28:59","guid":{"rendered":"http:\/\/www.centraldenoticias.com.ar\/?p=14498"},"modified":"2021-02-23T13:28:59","modified_gmt":"2021-02-23T16:28:59","slug":"si-hay-mas-responsables-se-van-a-ir-los-que-se-tengan-que-ir","status":"publish","type":"post","link":"https:\/\/cdnoticias.com\/index.php\/2021\/02\/23\/si-hay-mas-responsables-se-van-a-ir-los-que-se-tengan-que-ir\/","title":{"rendered":"\u201cSi hay m\u00e1s responsables se van a ir los que se tengan que ir\u201d"},"content":{"rendered":"<p>El presidente Alberto Fern\u00e1ndez habl\u00f3 sobre la \u201cVacunaci\u00f3n VIP\u201d y dijo que fue un hecho \u201creprochable\u201d. De todos modos, aclar\u00f3 que \u201cno me voy a hacer cargo del escarnio p\u00fablico que est\u00e1n haciendo\u201d.<!--more--><\/p>\n<hr \/>\n<p>En su viaje por M\u00e9xico,<strong> el presidente Alberto Fern\u00e1ndez sostuvo que las vacunaciones VIP fueron \u201cun hecho reprochable\u201d y que \u00e9l habl\u00f3 con su conducta al pedirle la renuncia a Gin\u00e9s Gonz\u00e1lez Garc\u00eda en el Ministerio de Salud<\/strong>, en tanto indic\u00f3 que <strong><em>\u201csi hay m\u00e1s responsables se van a ir los que se tengan que ir\u201d.<\/em><\/strong><\/p>\n<p>&nbsp;<\/p>\n<blockquote><p>\u201cEl hecho sin dudas es un hecho reprobable. Nadie puede avalar que en la circunstancias que vivimos alguien pueda adelantarse en la vacunaci\u00f3n\u201d, dijo Fern\u00e1ndez en conferencia de prensa.<\/p><\/blockquote>\n<p>&nbsp;<\/p>\n<p>Y agreg\u00f3: <em>\u201cA m\u00ed dif\u00edcilmente me corran con estas l\u00f3gicas. Detesto los privilegios. No soporto que eso ocurra. Lamento que algunos lo hayan hecho. Ya habl\u00e9 con mi conducta\u201d.<\/em><\/p>\n<p>&nbsp;<\/p>\n<p>Fern\u00e1ndez tambi\u00e9n se refiri\u00f3 a las denuncias radicadas por las vacunaciones irregulares y consider\u00f3 que no hubo delito. En tanto, les pidi\u00f3 a los fiscales y jueces <em>\u201cque hagan lo que deben\u201d<\/em> e investiguen otros hechos vinculados a lo que fue el gobierno de Mauricio Macri como <em>\u201cel negocio de los peajes\u201d, \u201cel terrible y lamentable endeudamiento\u201d y \u201cla responsabilidad de un ministro que mand\u00f3 un submarino (el ARA San Juan) para que mueran 44 tripulantes\u201d.<\/em><\/p>\n<p>&nbsp;<\/p>\n<blockquote><p>\u201cPido que tengamos honestidad intelectual. Yo con mi conducta di cuenta de lo que deb\u00edamos hacer\u201d, afirm\u00f3. Mientras que no descart\u00f3 nuevas renuncias: \u201cSi hay m\u00e1s responsables se van a ir los que se tengan que ir. Pero no me voy a hacer cargo del escarnio p\u00fablico que est\u00e1n haciendo\u201d.<\/p><\/blockquote>\n<p>&nbsp;<\/p>\n<p>Fern\u00e1ndez tambi\u00e9n dijo que hubo una \u201ccampa\u00f1a desatada\u201d de la oposici\u00f3n para <em>\u201chacerles sentir a los argentinos que la Sputnik V era veneno\u201d. \u201cLos medios en Argentina ponen a Alberto Fern\u00e1ndez entre los que recibi\u00f3 la vacuna indebidamente, pero me la tuve que dar porque los medios argentinos dec\u00edan que no se pod\u00eda confiar en la vacuna rusa y tuve que convocar a la confianza ciudadana. Por el mismo motivo se dio la vacuna Cristina (Fern\u00e1ndez de Kirchner), Axel (Kicillof) y muchos gobernadores intendentes, varios de los cuales ni siquiera son oficialistas\u201d<\/em>, agreg\u00f3.<\/p>\n","protected":false},"excerpt":{"rendered":"<p>El presidente Alberto Fern\u00e1ndez habl\u00f3 sobre la \u201cVacunaci\u00f3n VIP\u201d y dijo que fue un hecho \u201creprochable\u201d. De todos modos, aclar\u00f3<\/p>\n","protected":false},"author":2,"featured_media":14499,"comment_status":"closed","ping_status":"closed","sticky":false,"template":"","format":"standard","meta":{"_jetpack_memberships_contains_paid_content":false,"footnotes":""},"categories":[6,1],"tags":[],"class_list":["post-14498","post","type-post","status-publish","format-standard","has-post-thumbnail","hentry","category-nacionales","category-portada"],"jetpack_featured_media_url":"https:\/\/i0.wp.com\/cdnoticias.com\/wp-content\/uploads\/2021\/02\/alberto-fernandez-mexico.jpg?fit=861%2C627&ssl=1","jetpack_sharing_enabled":true,"_links":{"self":[{"href":"https:\/\/cdnoticias.com\/index.php\/wp-json\/wp\/v2\/posts\/14498","targetHints":{"allow":["GET"]}}],"collection":[{"href":"https:\/\/cdnoticias.com\/index.php\/wp-json\/wp\/v2\/posts"}],"about":[{"href":"https:\/\/cdnoticias.com\/index.php\/wp-json\/wp\/v2\/types\/post"}],"author":[{"embeddable":true,"href":"https:\/\/cdnoticias.com\/index.php\/wp-json\/wp\/v2\/users\/2"}],"replies":[{"embeddable":true,"href":"https:\/\/cdnoticias.com\/index.php\/wp-json\/wp\/v2\/comments?post=14498"}],"version-history":[{"count":0,"href":"https:\/\/cdnoticias.com\/index.php\/wp-json\/wp\/v2\/posts\/14498\/revisions"}],"wp:featuredmedia":[{"embeddable":true,"href":"https:\/\/cdnoticias.com\/index.php\/wp-json\/wp\/v2\/media\/14499"}],"wp:attachment":[{"href":"https:\/\/cdnoticias.com\/index.php\/wp-json\/wp\/v2\/media?parent=14498"}],"wp:term":[{"taxonomy":"category","embeddable":true,"href":"https:\/\/cdnoticias.com\/index.php\/wp-json\/wp\/v2\/categories?post=14498"},{"taxonomy":"post_tag","embeddable":true,"href":"https:\/\/cdnoticias.com\/index.php\/wp-json\/wp\/v2\/tags?post=14498"}],"curies":[{"name":"wp","href":"https:\/\/api.w.org\/{rel}","templated":true}]}}