{"id":144949,"date":"2021-11-17T17:31:12","date_gmt":"2021-11-17T20:31:12","guid":{"rendered":"http:\/\/centraldeportes.com.ar\/?p=7948"},"modified":"2021-11-17T17:31:12","modified_gmt":"2021-11-17T20:31:12","slug":"tenis-destacadas-actuaciones-olavarrienses","status":"publish","type":"post","link":"https:\/\/cdnoticias.com\/index.php\/2021\/11\/17\/tenis-destacadas-actuaciones-olavarrienses\/","title":{"rendered":"Tenis: destacadas actuaciones olavarrienses"},"content":{"rendered":"<p>Agustina Tar\u00e1ntola fue campeona y Francisco Correa Igui\u00f1iz semifinalista de un Torneo Regional Sub 12 (Ex G2).<!--more--><\/p>\n<hr \/>\n<p>Durante la semana pasada hasta el viernes, los jugadores de Estudiantes hicieron una excelente representaci\u00f3n en un Torneo Regional Sub 12. Por un lado, Agustina Tar\u00e1ntola que compiti\u00f3 en Pilar, fue campeona en Dobles y lleg\u00f3 a los Cuartos de Final en Singles y Francisco Correa Igui\u00f1iz, que compiti\u00f3 en Caril\u00f3, fue semifinalista en ambas instancias.<\/p>\n<p>&nbsp;<\/p>\n<p>Agustina Tar\u00e1ntola junto a su compa\u00f1era \u00c1mbar Corbal\u00e1n Miranda vencieron en semifinales a Paula Garc\u00eda Tobar y Sof\u00eda Finchelstein por 6\/0 y 6\/1. Y en la final, en un verdadero partidazo le ganaron a Amanda Uribe Alvarado y Mar\u00eda Goldsztein por 6\/2, 2\/6 y 10\/7.<\/p>\n<p>&nbsp;<\/p>\n<p>En Singles, la representante de la Regi\u00f3n 8 cay\u00f3 ante su compa\u00f1era de dobles en Cuartos de Final por 6\/1 6\/3.<\/p>\n<p>&nbsp;<\/p>\n<p><img data-recalc-dims=\"1\" loading=\"lazy\" decoding=\"async\" class=\"aligncenter size-full wp-image-7950\" src=\"https:\/\/i0.wp.com\/centraldeportes.com.ar\/wp-content\/uploads\/2021\/11\/WhatsApp-Image-2021-11-17-at-17.20.16-1.jpeg?resize=800%2C533\" alt=\"\" width=\"800\" height=\"533\" \/><\/p>\n<p>&nbsp;<\/p>\n<p>Por el lado de Francisco Correa Igui\u00f1iz, perdi\u00f3 el primer partido y por la segunda chance, gan\u00f3 por doble 6\/2 y, por consiguiente accedi\u00f3 a los Cuartos de Final en el que tambi\u00e9n gan\u00f3 por 6\/3 y 7\/5 y luego, cay\u00f3 en Semifinales en un ajustado 6\/3, 6\/7 y 11\/9.<\/p>\n<p>&nbsp;<\/p>\n<p>Adem\u00e1s, junto a Santiago Malatini como pareja ganaron dos partidos muy dif\u00edciles y cayeron en Semifinales frente al binomio de Gaitero \u2013 Iriart por 6\/4 y 6\/3. Fran, con solo 11 a\u00f1os, es su primer a\u00f1o en Sub12, y siendo uno de los m\u00e1s chicos de la categor\u00eda.<\/p>\n","protected":false},"excerpt":{"rendered":"<p>Agustina Tar\u00e1ntola fue campeona y Francisco Correa Igui\u00f1iz semifinalista de un Torneo Regional Sub 12 (Ex G2).<\/p>\n","protected":false},"author":96739694,"featured_media":144951,"comment_status":"closed","ping_status":"closed","sticky":false,"template":"","format":"standard","meta":{"_jetpack_memberships_contains_paid_content":false,"footnotes":""},"categories":[30,1],"tags":[],"class_list":["post-144949","post","type-post","status-publish","format-standard","has-post-thumbnail","hentry","category-polideportivo","category-portada"],"jetpack_featured_media_url":"https:\/\/i0.wp.com\/cdnoticias.com\/wp-content\/uploads\/2021\/11\/WhatsApp-Image-2021-11-17-at-17.20.16.jpeg?fit=1280%2C853&ssl=1","jetpack_sharing_enabled":true,"_links":{"self":[{"href":"https:\/\/cdnoticias.com\/index.php\/wp-json\/wp\/v2\/posts\/144949","targetHints":{"allow":["GET"]}}],"collection":[{"href":"https:\/\/cdnoticias.com\/index.php\/wp-json\/wp\/v2\/posts"}],"about":[{"href":"https:\/\/cdnoticias.com\/index.php\/wp-json\/wp\/v2\/types\/post"}],"author":[{"embeddable":true,"href":"https:\/\/cdnoticias.com\/index.php\/wp-json\/wp\/v2\/users\/96739694"}],"replies":[{"embeddable":true,"href":"https:\/\/cdnoticias.com\/index.php\/wp-json\/wp\/v2\/comments?post=144949"}],"version-history":[{"count":0,"href":"https:\/\/cdnoticias.com\/index.php\/wp-json\/wp\/v2\/posts\/144949\/revisions"}],"wp:featuredmedia":[{"embeddable":true,"href":"https:\/\/cdnoticias.com\/index.php\/wp-json\/wp\/v2\/media\/144951"}],"wp:attachment":[{"href":"https:\/\/cdnoticias.com\/index.php\/wp-json\/wp\/v2\/media?parent=144949"}],"wp:term":[{"taxonomy":"category","embeddable":true,"href":"https:\/\/cdnoticias.com\/index.php\/wp-json\/wp\/v2\/categories?post=144949"},{"taxonomy":"post_tag","embeddable":true,"href":"https:\/\/cdnoticias.com\/index.php\/wp-json\/wp\/v2\/tags?post=144949"}],"curies":[{"name":"wp","href":"https:\/\/api.w.org\/{rel}","templated":true}]}}