{"id":144932,"date":"2021-11-18T18:39:05","date_gmt":"2021-11-18T21:39:05","guid":{"rendered":"http:\/\/centraldeportes.com.ar\/?p=7999"},"modified":"2021-11-18T18:39:05","modified_gmt":"2021-11-18T21:39:05","slug":"sin-el-pajaro-marin-penarol-sumo-su-primer-triunfo-en-mar-del-plata","status":"publish","type":"post","link":"https:\/\/cdnoticias.com\/index.php\/2021\/11\/18\/sin-el-pajaro-marin-penarol-sumo-su-primer-triunfo-en-mar-del-plata\/","title":{"rendered":"Sin el \u201cP\u00e1jaro\u201d Mar\u00edn, Pe\u00f1arol sum\u00f3 su primer triunfo en Mar del Plata"},"content":{"rendered":"<p>Federico Mar\u00edn estuvo ausente por una lesi\u00f3n en el primer triunfo de Pe\u00f1arol en el Polideportivo Islas Malvinas al derrotar a Hispano por 86 a 79.<!--more--><\/p>\n<hr \/>\n<p>El \u201cMilrayitas\u201d logr\u00f3 su segundo triunfo en La Liga Nacional, el primero en condici\u00f3n de local, pero entre los 12 jugadores no estuvo Federico Mar\u00edn. El radicado en Olavarr\u00eda ser\u00e1 sometido a estudios para constatar el grado de su lesi\u00f3n.<\/p>\n<p>&nbsp;<\/p>\n<p>Bruno Sansimoni, s\u00ed estuvo en el equipo ganador y complet\u00f3 21:24 minutos con 13 puntos y una asistencia.<\/p>\n","protected":false},"excerpt":{"rendered":"<p>Federico Mar\u00edn estuvo ausente por una lesi\u00f3n en el primer triunfo de Pe\u00f1arol en el Polideportivo Islas Malvinas al derrotar<\/p>\n","protected":false},"author":96739694,"featured_media":144933,"comment_status":"closed","ping_status":"closed","sticky":false,"template":"","format":"standard","meta":{"_jetpack_memberships_contains_paid_content":false,"footnotes":""},"categories":[31,36,1],"tags":[],"class_list":["post-144932","post","type-post","status-publish","format-standard","has-post-thumbnail","hentry","category-basquet","category-liga-nacional","category-portada"],"jetpack_featured_media_url":"https:\/\/i0.wp.com\/cdnoticias.com\/wp-content\/uploads\/2021\/11\/WhatsApp-Image-2021-11-18-at-18.05.43.jpeg?fit=1200%2C903&ssl=1","jetpack_sharing_enabled":true,"_links":{"self":[{"href":"https:\/\/cdnoticias.com\/index.php\/wp-json\/wp\/v2\/posts\/144932","targetHints":{"allow":["GET"]}}],"collection":[{"href":"https:\/\/cdnoticias.com\/index.php\/wp-json\/wp\/v2\/posts"}],"about":[{"href":"https:\/\/cdnoticias.com\/index.php\/wp-json\/wp\/v2\/types\/post"}],"author":[{"embeddable":true,"href":"https:\/\/cdnoticias.com\/index.php\/wp-json\/wp\/v2\/users\/96739694"}],"replies":[{"embeddable":true,"href":"https:\/\/cdnoticias.com\/index.php\/wp-json\/wp\/v2\/comments?post=144932"}],"version-history":[{"count":0,"href":"https:\/\/cdnoticias.com\/index.php\/wp-json\/wp\/v2\/posts\/144932\/revisions"}],"wp:featuredmedia":[{"embeddable":true,"href":"https:\/\/cdnoticias.com\/index.php\/wp-json\/wp\/v2\/media\/144933"}],"wp:attachment":[{"href":"https:\/\/cdnoticias.com\/index.php\/wp-json\/wp\/v2\/media?parent=144932"}],"wp:term":[{"taxonomy":"category","embeddable":true,"href":"https:\/\/cdnoticias.com\/index.php\/wp-json\/wp\/v2\/categories?post=144932"},{"taxonomy":"post_tag","embeddable":true,"href":"https:\/\/cdnoticias.com\/index.php\/wp-json\/wp\/v2\/tags?post=144932"}],"curies":[{"name":"wp","href":"https:\/\/api.w.org\/{rel}","templated":true}]}}