{"id":14493,"date":"2021-02-23T12:34:45","date_gmt":"2021-02-23T15:34:45","guid":{"rendered":"http:\/\/www.centraldenoticias.com.ar\/?p=14493"},"modified":"2021-02-23T14:23:17","modified_gmt":"2021-02-23T17:23:17","slug":"la-intensificacion-presencial-comenzo-en-la-mitad-de-las-escuelas-previstas","status":"publish","type":"post","link":"https:\/\/cdnoticias.com\/index.php\/2021\/02\/23\/la-intensificacion-presencial-comenzo-en-la-mitad-de-las-escuelas-previstas\/","title":{"rendered":"La \u201cintensificaci\u00f3n presencial\u201d comenz\u00f3 en la mitad de las escuelas previstas"},"content":{"rendered":"<p>El mi\u00e9rcoles pasado inici\u00f3 el ciclo: 12 establecimientos de Primario y 17 de Secundario reciben estudiantes en Olavarr\u00eda. Hay 33 escuelas en espera.<!--more--><\/p>\n<hr \/>\n<p><strong>A casi una semana del inicio del \u201cciclo de intensificaci\u00f3n presencial\u201d para la educaci\u00f3n en el \u00e1mbito bonaerense, son 29 las escuelas de Olavarr\u00eda que reciben estudiantes<\/strong>.<\/p>\n<p>&nbsp;<\/p>\n<p><strong>Central de Noticias<\/strong> hab\u00eda adelantado que era <a href=\"https:\/\/cdnoticias.com\/index.php\/2021\/02\/17\/dispar-comienzo-de-las-clases-presenciales-en-escuelas-de-olavarria\/\" target=\"_blank\" rel=\"noopener\">dispar el reinicio<\/a>, situaci\u00f3n que se mantiene: <strong>desde la Jefatura Distrital se confirm\u00f3 este martes que a\u00fan hay 33 escuelas en espera<\/strong> para poder retomar la presencialidad con los alumnos que necesitan refuerzos en cuanto a los contenidos dictados en el ciclo lectivo 2020.<\/p>\n<p>&nbsp;<\/p>\n<blockquote><p>En el nivel Secundario, de 22 establecimientos en los que deb\u00eda iniciar la intensificaci\u00f3n lograron abrir el ciclo 17 escuelas del distrito. En tanto, en el nivel Primario empezaron 12 escuelas de un total de 40 en las que estaba previsto este ciclo.<\/p><\/blockquote>\n<p>&nbsp;<\/p>\n<p>Para esta etapa, estaba previsto el retorno a las aulas de <a href=\"https:\/\/cdnoticias.com\/index.php\/2021\/01\/22\/vuelta-a-clases-en-olavarria-son-2700-los-estudiantes-que-regresaran-en-febrero\/\" target=\"_blank\" rel=\"noopener\">unos 2.700 estudiantes de Olavarr\u00eda<\/a>.<\/p>\n<p>&nbsp;<\/p>\n<p>En el sondeo que se realiz\u00f3 la semana pasada, se pudo saber que <strong>las autoridades de numerosas escuelas no hab\u00edan recibido a\u00fan los kits de mascarillas y term\u00f3metros<\/strong> que eran obligatorios para reabrir las instituciones para los alumnos.<\/p>\n","protected":false},"excerpt":{"rendered":"<p>El mi\u00e9rcoles pasado inici\u00f3 el ciclo: 12 establecimientos de Primario y 17 de Secundario reciben estudiantes en Olavarr\u00eda. Hay 33<\/p>\n","protected":false},"author":4,"featured_media":13519,"comment_status":"closed","ping_status":"closed","sticky":false,"template":"","format":"standard","meta":{"_jetpack_memberships_contains_paid_content":false,"footnotes":""},"categories":[5,1],"tags":[],"class_list":["post-14493","post","type-post","status-publish","format-standard","has-post-thumbnail","hentry","category-informacion-general","category-portada"],"jetpack_featured_media_url":"https:\/\/i0.wp.com\/cdnoticias.com\/wp-content\/uploads\/2021\/02\/clases-presenciales-protocolos.jpg?fit=1120%2C630&ssl=1","jetpack_sharing_enabled":true,"_links":{"self":[{"href":"https:\/\/cdnoticias.com\/index.php\/wp-json\/wp\/v2\/posts\/14493","targetHints":{"allow":["GET"]}}],"collection":[{"href":"https:\/\/cdnoticias.com\/index.php\/wp-json\/wp\/v2\/posts"}],"about":[{"href":"https:\/\/cdnoticias.com\/index.php\/wp-json\/wp\/v2\/types\/post"}],"author":[{"embeddable":true,"href":"https:\/\/cdnoticias.com\/index.php\/wp-json\/wp\/v2\/users\/4"}],"replies":[{"embeddable":true,"href":"https:\/\/cdnoticias.com\/index.php\/wp-json\/wp\/v2\/comments?post=14493"}],"version-history":[{"count":0,"href":"https:\/\/cdnoticias.com\/index.php\/wp-json\/wp\/v2\/posts\/14493\/revisions"}],"wp:featuredmedia":[{"embeddable":true,"href":"https:\/\/cdnoticias.com\/index.php\/wp-json\/wp\/v2\/media\/13519"}],"wp:attachment":[{"href":"https:\/\/cdnoticias.com\/index.php\/wp-json\/wp\/v2\/media?parent=14493"}],"wp:term":[{"taxonomy":"category","embeddable":true,"href":"https:\/\/cdnoticias.com\/index.php\/wp-json\/wp\/v2\/categories?post=14493"},{"taxonomy":"post_tag","embeddable":true,"href":"https:\/\/cdnoticias.com\/index.php\/wp-json\/wp\/v2\/tags?post=14493"}],"curies":[{"name":"wp","href":"https:\/\/api.w.org\/{rel}","templated":true}]}}