{"id":144922,"date":"2021-11-19T00:32:13","date_gmt":"2021-11-19T03:32:13","guid":{"rendered":"http:\/\/centraldeportes.com.ar\/?p=8040"},"modified":"2021-11-19T00:32:13","modified_gmt":"2021-11-19T03:32:13","slug":"victorias-de-ferro-y-racing-en-la-continuidad-del-torneo","status":"publish","type":"post","link":"https:\/\/cdnoticias.com\/index.php\/2021\/11\/19\/victorias-de-ferro-y-racing-en-la-continuidad-del-torneo\/","title":{"rendered":"Victorias de Ferro y Racing en la continuidad del Torneo"},"content":{"rendered":"<p>El segundo torneo organizado por la Asociaci\u00f3n de B\u00e1squet de Olavarr\u00eda tuvo este jueves la disputa de dos partidos con triunfos para Ferro y Racing.<!--more--><\/p>\n<hr \/>\n<p>En el gimnasio de Ferro, el \u201cCarbonero\u201d se impuso a Estudiantes Negro por 68 a 66 con un doble sobre la chicharra de Mat\u00edas Romero en uno de los partidos correspondientes a la Zona A.<\/p>\n<p>&nbsp;<\/p>\n<p>Empez\u00f3 parejo el partido en el De la Vega con el local repartiendo su goleo y Estudiantes con el buen momento de Ignacio Aman y tras la paridad de los primeros 10 minutos, en el segundo parcial fue Ferro el que logr\u00f3 una leve ventaja por los puntos de Mat\u00edas Menon.<\/p>\n<p>&nbsp;<\/p>\n<p>La segunda mitad tuvo ventaja para los conducidos por Irineo Galli que lograron con un triple reducir a un punto la diferencia de cara al \u00faltimo cuarto donde Atilio Borzi se hizo cargo de las ofensivas para llegar iguales en 66 a falta de 6 segundos para el final y si no hubo tiempo suplementario fue porque en Ferro apareci\u00f3 Mat\u00edas Romero para el doble del triunfo.<\/p>\n<p>&nbsp;<\/p>\n<p>[soliloquy slug=&#8221;ferro-cae-negro-2&#8243;]<\/p>\n<p>&nbsp;<\/p>\n<p>Por otro lado, en el Parque Olavarr\u00eda, Racing no tuvo inconvenientes para vencer a El Fort\u00edn en el comienzo de las revanchas de la Zona B. Fue victoria \u201cChaira\u201d por 105 a 48 con goleo repartido y conversiones de los 12 jugadores.<\/p>\n<p>&nbsp;<\/p>\n<p>S\u00edntesis Ferro \u2013 Estudiantes Negro:<br \/>\nEstadio: De la Vega<br \/>\n\u00c1rbitros: Serantes, S. y Rinc\u00f3n, J.<br \/>\n<strong>Ferro (68): Ripoll (9), Dupin (7), Menon (13), Rodr\u00edguez Pane (11), Ram\u00edrez (3) -FI- Lucini (3), Pereyra (0), Rodr\u00edguez (3), Romero (12), Masson (7). DT- Mauricio Beltramella<\/strong><br \/>\n<strong>Estudiantes Negro (66): Aman, S. (7), Aman, I. (14), San Mart\u00edn (9), Dilascio (14), Borzi (15) -FI- Valenza (0), S\u00e1nchez Savi (3), Callegaro (4). DT- Irineo Galli<\/strong><br \/>\nParciales: 15 \u2013 15; 31 \u2013 28; 50 \u2013 49 y 68 \u2013 66.<\/p>\n","protected":false},"excerpt":{"rendered":"<p>El segundo torneo organizado por la Asociaci\u00f3n de B\u00e1squet de Olavarr\u00eda tuvo este jueves la disputa de dos partidos con<\/p>\n","protected":false},"author":96739694,"featured_media":144923,"comment_status":"closed","ping_status":"closed","sticky":false,"template":"","format":"standard","meta":{"_jetpack_memberships_contains_paid_content":false,"footnotes":""},"categories":[31,1,43],"tags":[],"class_list":["post-144922","post","type-post","status-publish","format-standard","has-post-thumbnail","hentry","category-basquet","category-portada","category-primera"],"jetpack_featured_media_url":"https:\/\/i0.wp.com\/cdnoticias.com\/wp-content\/uploads\/2021\/11\/ferro-caenegro-2.png?fit=1280%2C853&ssl=1","jetpack_sharing_enabled":true,"_links":{"self":[{"href":"https:\/\/cdnoticias.com\/index.php\/wp-json\/wp\/v2\/posts\/144922","targetHints":{"allow":["GET"]}}],"collection":[{"href":"https:\/\/cdnoticias.com\/index.php\/wp-json\/wp\/v2\/posts"}],"about":[{"href":"https:\/\/cdnoticias.com\/index.php\/wp-json\/wp\/v2\/types\/post"}],"author":[{"embeddable":true,"href":"https:\/\/cdnoticias.com\/index.php\/wp-json\/wp\/v2\/users\/96739694"}],"replies":[{"embeddable":true,"href":"https:\/\/cdnoticias.com\/index.php\/wp-json\/wp\/v2\/comments?post=144922"}],"version-history":[{"count":0,"href":"https:\/\/cdnoticias.com\/index.php\/wp-json\/wp\/v2\/posts\/144922\/revisions"}],"wp:featuredmedia":[{"embeddable":true,"href":"https:\/\/cdnoticias.com\/index.php\/wp-json\/wp\/v2\/media\/144923"}],"wp:attachment":[{"href":"https:\/\/cdnoticias.com\/index.php\/wp-json\/wp\/v2\/media?parent=144922"}],"wp:term":[{"taxonomy":"category","embeddable":true,"href":"https:\/\/cdnoticias.com\/index.php\/wp-json\/wp\/v2\/categories?post=144922"},{"taxonomy":"post_tag","embeddable":true,"href":"https:\/\/cdnoticias.com\/index.php\/wp-json\/wp\/v2\/tags?post=144922"}],"curies":[{"name":"wp","href":"https:\/\/api.w.org\/{rel}","templated":true}]}}