{"id":144914,"date":"2021-11-19T17:19:59","date_gmt":"2021-11-19T20:19:59","guid":{"rendered":"http:\/\/centraldeportes.com.ar\/?p=8063"},"modified":"2021-11-19T17:19:59","modified_gmt":"2021-11-19T20:19:59","slug":"olavarria-pidio-por-la-mejoria-de-joaquin-draghi","status":"publish","type":"post","link":"https:\/\/cdnoticias.com\/index.php\/2021\/11\/19\/olavarria-pidio-por-la-mejoria-de-joaquin-draghi\/","title":{"rendered":"Olavarr\u00eda pidi\u00f3 por la mejor\u00eda de Joaqu\u00edn Draghi"},"content":{"rendered":"<p>Luego de la conmoci\u00f3n que gener\u00f3 la noticia de que un olavarriense sufri\u00f3 un grave accidente en un partido de rugby el pasado s\u00e1bado, este viernes se realiz\u00f3 una caminata y posterior oraci\u00f3n en pedido de su mejora de salud y cientos de olavarrienses dijeron presente.<!--more--><\/p>\n<hr \/>\n<p>Cientos de olavarrienses se acercaron a la marcha organizada por el Colegio Libertas para pedirle a San Expedito por la mejor\u00eda en el estado de salud de Joaqu\u00edn Draghi.<\/p>\n<p>&nbsp;<\/p>\n<p>Minutos despu\u00e9s de las 16:00 comenz\u00f3 la caminata hacia la iglesia Inmaculada Concepci\u00f3n ubicada en Necochea y calle 17 donde se encuentra la imagen de San Expedito y all\u00ed se realiz\u00f3 una oraci\u00f3n pidiendo la mejora del deportista de 16 a\u00f1os.<\/p>\n<p>&nbsp;<\/p>\n<p>Compa\u00f1eros y compa\u00f1eras del Quinto A\u00f1o de la entidad encabezaron la procesi\u00f3n que cont\u00f3 con banderas de aliento y la presencia de representantes del Club Estudiantes y de la Municipalidad de Olavarr\u00eda.<\/p>\n<p>&nbsp;<\/p>\n<p>[soliloquy slug=&#8221;marcha&#8221;]<\/p>\n<p>&nbsp;<\/p>\n<p>Juan Agust\u00edn Galli Subsecretario de Deporte y Recreaci\u00f3n, Hilario Galli Secretario de Gobierno y Germ\u00e1n Caputo Director del Hospital Municipal \u201cH\u00e9ctor Cura\u201d dijeron presente en la emotiva caminata.<\/p>\n<p>&nbsp;<\/p>\n<p>[embedyt] https:\/\/www.youtube.com\/watch?v=cjBqHjVlf4A[\/embedyt]<\/p>\n<p>&nbsp;<\/p>\n<p>En cuanto a la salud del deportista que tambi\u00e9n representa a la Uni\u00f3n de Rugby del Oeste de Buenos Aires se dio a conocer que fue trasladado a Capital Federal para continuar con su recuperaci\u00f3n en la Cl\u00ednica de Neurolog\u00eda Fleni<\/p>\n","protected":false},"excerpt":{"rendered":"<p>Luego de la conmoci\u00f3n que gener\u00f3 la noticia de que un olavarriense sufri\u00f3 un grave accidente en un partido de<\/p>\n","protected":false},"author":96739694,"featured_media":144915,"comment_status":"closed","ping_status":"closed","sticky":false,"template":"","format":"standard","meta":{"_jetpack_memberships_contains_paid_content":false,"footnotes":""},"categories":[30,1],"tags":[],"class_list":["post-144914","post","type-post","status-publish","format-standard","has-post-thumbnail","hentry","category-polideportivo","category-portada"],"jetpack_featured_media_url":"https:\/\/i0.wp.com\/cdnoticias.com\/wp-content\/uploads\/2021\/11\/marcha-6.png?fit=1280%2C853&ssl=1","jetpack_sharing_enabled":true,"_links":{"self":[{"href":"https:\/\/cdnoticias.com\/index.php\/wp-json\/wp\/v2\/posts\/144914","targetHints":{"allow":["GET"]}}],"collection":[{"href":"https:\/\/cdnoticias.com\/index.php\/wp-json\/wp\/v2\/posts"}],"about":[{"href":"https:\/\/cdnoticias.com\/index.php\/wp-json\/wp\/v2\/types\/post"}],"author":[{"embeddable":true,"href":"https:\/\/cdnoticias.com\/index.php\/wp-json\/wp\/v2\/users\/96739694"}],"replies":[{"embeddable":true,"href":"https:\/\/cdnoticias.com\/index.php\/wp-json\/wp\/v2\/comments?post=144914"}],"version-history":[{"count":0,"href":"https:\/\/cdnoticias.com\/index.php\/wp-json\/wp\/v2\/posts\/144914\/revisions"}],"wp:featuredmedia":[{"embeddable":true,"href":"https:\/\/cdnoticias.com\/index.php\/wp-json\/wp\/v2\/media\/144915"}],"wp:attachment":[{"href":"https:\/\/cdnoticias.com\/index.php\/wp-json\/wp\/v2\/media?parent=144914"}],"wp:term":[{"taxonomy":"category","embeddable":true,"href":"https:\/\/cdnoticias.com\/index.php\/wp-json\/wp\/v2\/categories?post=144914"},{"taxonomy":"post_tag","embeddable":true,"href":"https:\/\/cdnoticias.com\/index.php\/wp-json\/wp\/v2\/tags?post=144914"}],"curies":[{"name":"wp","href":"https:\/\/api.w.org\/{rel}","templated":true}]}}