{"id":14488,"date":"2021-02-23T11:23:15","date_gmt":"2021-02-23T14:23:15","guid":{"rendered":"http:\/\/www.centraldenoticias.com.ar\/?p=14488"},"modified":"2021-02-23T12:36:41","modified_gmt":"2021-02-23T15:36:41","slug":"el-ceco-entrego-450-kits-escolares-y-guardapolvos-a-afiliados","status":"publish","type":"post","link":"https:\/\/cdnoticias.com\/index.php\/2021\/02\/23\/el-ceco-entrego-450-kits-escolares-y-guardapolvos-a-afiliados\/","title":{"rendered":"El CECO entreg\u00f3 450 kits escolares y guardapolvos a afiliados"},"content":{"rendered":"<p>Fue durante la semana pasada a ni\u00f1os y ni\u00f1as de 6 y 11 a\u00f1os. Fueron entregados en la sede local pero tambi\u00e9n en La Madrid y Laprida.<!--more--><\/p>\n<hr \/>\n<p>Durante la semana pasada <strong>el Centro Empleados de Comercio (CECO) entreg\u00f3 450 kits escolares y guardapolvos a sus afiliados y afiliadas con hijos en edad escolar y que cursan sus estudios primarios tanto en Olavarr\u00eda, como en La Madrid y Laprida.<\/strong><\/p>\n<p>&nbsp;<\/p>\n<p><img data-recalc-dims=\"1\" loading=\"lazy\" decoding=\"async\" class=\"alignnone size-full wp-image-14489\" src=\"https:\/\/i0.wp.com\/cdnoticias.com\/wp-content\/uploads\/2021\/02\/002-Entrega-utiles-escolare-2.jpeg?resize=800%2C600&#038;ssl=1\" alt=\"\" width=\"800\" height=\"600\" srcset=\"https:\/\/i0.wp.com\/cdnoticias.com\/wp-content\/uploads\/2021\/02\/002-Entrega-utiles-escolare-2.jpeg?w=1032&amp;ssl=1 1032w, https:\/\/i0.wp.com\/cdnoticias.com\/wp-content\/uploads\/2021\/02\/002-Entrega-utiles-escolare-2.jpeg?resize=300%2C225&amp;ssl=1 300w, https:\/\/i0.wp.com\/cdnoticias.com\/wp-content\/uploads\/2021\/02\/002-Entrega-utiles-escolare-2.jpeg?resize=768%2C576&amp;ssl=1 768w, https:\/\/i0.wp.com\/cdnoticias.com\/wp-content\/uploads\/2021\/02\/002-Entrega-utiles-escolare-2.jpeg?resize=1024%2C768&amp;ssl=1 1024w\" sizes=\"auto, (max-width: 800px) 100vw, 800px\" \/><\/p>\n<p>&nbsp;<\/p>\n<blockquote><p>Son kits para ni\u00f1os y ni\u00f1as de entre 6 y 11 a\u00f1os. Este beneficio es brindado por el sindicato mercantil cada a\u00f1o con el objetivo de &#8220;ayudar a las familias mercantiles en el inicio de clases&#8221;.<\/p><\/blockquote>\n<p>&nbsp;<\/p>\n<p><img data-recalc-dims=\"1\" loading=\"lazy\" decoding=\"async\" class=\"alignnone size-full wp-image-14490\" src=\"https:\/\/i0.wp.com\/cdnoticias.com\/wp-content\/uploads\/2021\/02\/002-Entrega-utiles-escolare-6.jpeg?resize=800%2C600&#038;ssl=1\" alt=\"\" width=\"800\" height=\"600\" srcset=\"https:\/\/i0.wp.com\/cdnoticias.com\/wp-content\/uploads\/2021\/02\/002-Entrega-utiles-escolare-6.jpeg?w=1032&amp;ssl=1 1032w, https:\/\/i0.wp.com\/cdnoticias.com\/wp-content\/uploads\/2021\/02\/002-Entrega-utiles-escolare-6.jpeg?resize=300%2C225&amp;ssl=1 300w, https:\/\/i0.wp.com\/cdnoticias.com\/wp-content\/uploads\/2021\/02\/002-Entrega-utiles-escolare-6.jpeg?resize=768%2C576&amp;ssl=1 768w, https:\/\/i0.wp.com\/cdnoticias.com\/wp-content\/uploads\/2021\/02\/002-Entrega-utiles-escolare-6.jpeg?resize=1024%2C768&amp;ssl=1 1024w\" sizes=\"auto, (max-width: 800px) 100vw, 800px\" \/><\/p>\n<p>&nbsp;<\/p>\n<p>Cabe aclarar que <strong>esta entrega se desarroll\u00f3 de manera escalonada y evitando la aglomeraci\u00f3n de personas respetando de esta manera todos los protocolos de prevenci\u00f3n para COVID-19<\/strong>, en las sedes gremiales de Olavarr\u00eda, La Madrid y Laprida durante los d\u00edas mi\u00e9rcoles 17, jueves 18 y viernes 19 de febrero.<\/p>\n<p>&nbsp;<\/p>\n<blockquote><p>Este beneficio del gremio mercantil desde hace 20 a\u00f1os alcanza a los hijos de los trabajadores que, adem\u00e1s de cumplir una serie de requisitos, se inscribieron previamente para recibir la ayuda escolar mediante la web de la instituci\u00f3n www.ceco.org.ar.<\/p><\/blockquote>\n<p>&nbsp;<\/p>\n<p>En su<strong> edici\u00f3n 2021, entre Olavarr\u00eda y las ciudades de La Madrid y Laprida, se entregaron cerca de 450 guardapolvos y kits de \u00fatiles escolares.<\/strong><\/p>\n","protected":false},"excerpt":{"rendered":"<p>Fue durante la semana pasada a ni\u00f1os y ni\u00f1as de 6 y 11 a\u00f1os. Fueron entregados en la sede local<\/p>\n","protected":false},"author":2,"featured_media":14491,"comment_status":"closed","ping_status":"closed","sticky":false,"template":"","format":"standard","meta":{"_jetpack_memberships_contains_paid_content":false,"footnotes":""},"categories":[5,1],"tags":[],"class_list":["post-14488","post","type-post","status-publish","format-standard","has-post-thumbnail","hentry","category-informacion-general","category-portada"],"jetpack_featured_media_url":"https:\/\/i0.wp.com\/cdnoticias.com\/wp-content\/uploads\/2021\/02\/003-Entrega-utiles-escolares-1.jpeg?fit=1280%2C806&ssl=1","jetpack_sharing_enabled":true,"_links":{"self":[{"href":"https:\/\/cdnoticias.com\/index.php\/wp-json\/wp\/v2\/posts\/14488","targetHints":{"allow":["GET"]}}],"collection":[{"href":"https:\/\/cdnoticias.com\/index.php\/wp-json\/wp\/v2\/posts"}],"about":[{"href":"https:\/\/cdnoticias.com\/index.php\/wp-json\/wp\/v2\/types\/post"}],"author":[{"embeddable":true,"href":"https:\/\/cdnoticias.com\/index.php\/wp-json\/wp\/v2\/users\/2"}],"replies":[{"embeddable":true,"href":"https:\/\/cdnoticias.com\/index.php\/wp-json\/wp\/v2\/comments?post=14488"}],"version-history":[{"count":0,"href":"https:\/\/cdnoticias.com\/index.php\/wp-json\/wp\/v2\/posts\/14488\/revisions"}],"wp:featuredmedia":[{"embeddable":true,"href":"https:\/\/cdnoticias.com\/index.php\/wp-json\/wp\/v2\/media\/14491"}],"wp:attachment":[{"href":"https:\/\/cdnoticias.com\/index.php\/wp-json\/wp\/v2\/media?parent=14488"}],"wp:term":[{"taxonomy":"category","embeddable":true,"href":"https:\/\/cdnoticias.com\/index.php\/wp-json\/wp\/v2\/categories?post=14488"},{"taxonomy":"post_tag","embeddable":true,"href":"https:\/\/cdnoticias.com\/index.php\/wp-json\/wp\/v2\/tags?post=14488"}],"curies":[{"name":"wp","href":"https:\/\/api.w.org\/{rel}","templated":true}]}}