{"id":14485,"date":"2021-02-23T10:31:25","date_gmt":"2021-02-23T13:31:25","guid":{"rendered":"http:\/\/www.centraldenoticias.com.ar\/?p=14485"},"modified":"2021-02-23T10:32:38","modified_gmt":"2021-02-23T13:32:38","slug":"el-intendente-de-laprida-transcurre-el-covid-con-sintomas-leves","status":"publish","type":"post","link":"https:\/\/cdnoticias.com\/index.php\/2021\/02\/23\/el-intendente-de-laprida-transcurre-el-covid-con-sintomas-leves\/","title":{"rendered":"El intendente de Laprida transcurre el COVID \u201ccon s\u00edntomas leves\u201d"},"content":{"rendered":"<p>As\u00ed lo dio a conocer el \u00e1rea de Salud local y explicaron porque se vacun\u00f3 y contrajo la enfermedad de todos modos. \u201cUn 8% de la poblaci\u00f3n puede tener la enfermedad y contagiar\u201d.<!--more--><\/p>\n<hr \/>\n<p>Tras darse a conocer el contagio por COVID del intendente de Laprida Pablo Torres \u2013quien se hab\u00eda vacunado- <strong>desde el \u00e1rea de Salud de Laprida explicaron porque se produjo este hecho y, adem\u00e1s, actualizaron el estado de salud del mandatario comunal.<\/strong><\/p>\n<p>&nbsp;<\/p>\n<p>Informaron que<strong> Torres se encuentra cursando la enfermedad con sintomatolog\u00eda \u201cleve\u201d.<\/strong> El contagio se confirm\u00f3 el s\u00e1bado tras un test r\u00e1pido. <em>\u201cFue positivo a una prueba de ant\u00edgeno. Solamente ha perdido el olfato y est\u00e1 cursando los primeros d\u00edas de la enfermedad\u201d<\/em> comunic\u00f3 el m\u00e9dico Gustavo Bravo al portal OhLaprida.<\/p>\n<p>&nbsp;<\/p>\n<blockquote><p>En este sentido, detallaron las razones por las cuales el Intendente se contagi\u00f3 a pesar de haber recibido dos dosis de la Sputnik V. \u201cLa vacuna no evita contagiarse, sino que evita las complicaciones en el tr\u00e1nsito de la enfermedad\u201d aclar\u00f3.<\/p><\/blockquote>\n<p>&nbsp;<\/p>\n<p><strong><em>\u201cLos que tenemos la vacuna en dos dosis, en lo que tenemos cobertura al 100% es en la enfermedad severa, pero hay un 8% de la poblaci\u00f3n que a\u00fan puede tener la enfermedad y aun puede contagiar\u201d.<\/em><\/strong><\/p>\n<p>&nbsp;<\/p>\n<p>Finalmente, se\u00f1al\u00f3 que el trabajo estar\u00e1 en los contactos estrechos del jefe comunal que <em>\u201cnos va a dar la pauta si los vacunados contagiamos a los dem\u00e1s o no, que es una cuesti\u00f3n que todav\u00eda est\u00e1 en investigaci\u00f3n\u201d<\/em> explic\u00f3 Bravo.<\/p>\n<p>&nbsp;<\/p>\n<p><em>Informaci\u00f3n: v\u00eda OhLaprida<\/em><\/p>\n","protected":false},"excerpt":{"rendered":"<p>As\u00ed lo dio a conocer el \u00e1rea de Salud local y explicaron porque se vacun\u00f3 y contrajo la enfermedad de<\/p>\n","protected":false},"author":2,"featured_media":2957,"comment_status":"closed","ping_status":"closed","sticky":false,"template":"","format":"standard","meta":{"_jetpack_memberships_contains_paid_content":false,"footnotes":""},"categories":[6,1],"tags":[],"class_list":["post-14485","post","type-post","status-publish","format-standard","has-post-thumbnail","hentry","category-nacionales","category-portada"],"jetpack_featured_media_url":"https:\/\/i0.wp.com\/cdnoticias.com\/wp-content\/uploads\/2020\/10\/torrestutorial.jpg?fit=1011%2C573&ssl=1","jetpack_sharing_enabled":true,"_links":{"self":[{"href":"https:\/\/cdnoticias.com\/index.php\/wp-json\/wp\/v2\/posts\/14485","targetHints":{"allow":["GET"]}}],"collection":[{"href":"https:\/\/cdnoticias.com\/index.php\/wp-json\/wp\/v2\/posts"}],"about":[{"href":"https:\/\/cdnoticias.com\/index.php\/wp-json\/wp\/v2\/types\/post"}],"author":[{"embeddable":true,"href":"https:\/\/cdnoticias.com\/index.php\/wp-json\/wp\/v2\/users\/2"}],"replies":[{"embeddable":true,"href":"https:\/\/cdnoticias.com\/index.php\/wp-json\/wp\/v2\/comments?post=14485"}],"version-history":[{"count":0,"href":"https:\/\/cdnoticias.com\/index.php\/wp-json\/wp\/v2\/posts\/14485\/revisions"}],"wp:featuredmedia":[{"embeddable":true,"href":"https:\/\/cdnoticias.com\/index.php\/wp-json\/wp\/v2\/media\/2957"}],"wp:attachment":[{"href":"https:\/\/cdnoticias.com\/index.php\/wp-json\/wp\/v2\/media?parent=14485"}],"wp:term":[{"taxonomy":"category","embeddable":true,"href":"https:\/\/cdnoticias.com\/index.php\/wp-json\/wp\/v2\/categories?post=14485"},{"taxonomy":"post_tag","embeddable":true,"href":"https:\/\/cdnoticias.com\/index.php\/wp-json\/wp\/v2\/tags?post=14485"}],"curies":[{"name":"wp","href":"https:\/\/api.w.org\/{rel}","templated":true}]}}