{"id":144845,"date":"2021-11-16T00:25:02","date_gmt":"2021-11-16T03:25:02","guid":{"rendered":"http:\/\/centraldeportes.com.ar\/?p=7897"},"modified":"2021-11-16T00:25:02","modified_gmt":"2021-11-16T03:25:02","slug":"racing-y-ferro-cerraron-en-tablas-la-fase-regular","status":"publish","type":"post","link":"https:\/\/cdnoticias.com\/index.php\/2021\/11\/16\/racing-y-ferro-cerraron-en-tablas-la-fase-regular\/","title":{"rendered":"Racing y Ferro cerraron en tablas la fase regular"},"content":{"rendered":"<p>Fue 1 a 1 la igualdad entre el \u201cchaira\u201d y el \u201ccarbonero\u201d en el inicio de la und\u00e9cima fecha del Apertura \u201cNorberto Desanzo\u201d de Primera Divisi\u00f3n. Los goles llegaron en el complemento por medio de Grigera para Racing mientras que Lamela decret\u00f3 el empate final para Ferro en el \u201cBuglione Martinese\u201d.<!--more--><\/p>\n<hr \/>\n<p>Con buen marco de p\u00fablico entre ambas parcialidades, dos rivales que se conocen y mucho midieron fuerzas en la \u00faltima jornada de la Fase Regular del torneo que organiza la Liga de F\u00fatbol de Olavarr\u00eda, ya en la antesala de lo que ser\u00e1 el debut de ambos en la pr\u00f3xima edici\u00f3n del Torneo Regional Amateur.<\/p>\n<p>&nbsp;<\/p>\n<p>No hubo situaciones de peligro en los primeros minutos del primer tiempo. Los dos equipos buscaron acomodarse en el terreno de juego para conseguir la pelota y tambi\u00e9n el dominio de juego. A los 8 minutos en una de las primeras aproximaciones del \u201ccarbonero\u201d, el \u00c1rbitro Asistente N\u00b0 1 le anul\u00f3 correctamente un gol a G\u00f3mez por posici\u00f3n adelantada.<\/p>\n<p>&nbsp;<\/p>\n<p>Posteriormente, el elenco dirigido por Botella atac\u00f3 mucho por el sector izquierdo y busc\u00f3 desequilibrar por medio de Ponce pero no logr\u00f3 inquietar a la l\u00ednea defensiva de Ferro. No obstante las llegadas de peligro por parte del \u201cchaira\u201d llegaron a trav\u00e9s de la pelota parada, y pusieron a prueba al arquero \u201ccarbonero\u201d que se mostr\u00f3 muy inseguro en el juego a\u00e9reo.<\/p>\n<p>&nbsp;<\/p>\n<p>Corr\u00edan 25 minutos del primer chico y el elenco de Romanello casi se puso en ventaja pero se encontr\u00f3 con una enorme atajada de Ram\u00edrez en dos tiempos. Primero un cabezazo de Ferrara y luego un disparo de Aguirre en el \u00e1rea chica, todo en la misma jugada.<\/p>\n<p>&nbsp;<\/p>\n<p>El conjunto \u201ccarbonero\u201d fue el que tuvo las ocasiones m\u00e1s claras del primer tiempo siempre en los pies de Ferrara y se pudo haber puesto en ventaja de no ser por el experimentado arquero del \u201cchaira\u201d que mantuvo el arco en 0 y fue de lo mejor en el conjunto local.<\/p>\n<p>&nbsp;<\/p>\n<p>[soliloquy slug=&#8221;racing-ferro&#8221;]<\/p>\n<p>&nbsp;<\/p>\n<p>Fue Ferro el que se adue\u00f1o del bal\u00f3n en el comienzo del complemento. Sin embargo a los 51\u2019 Nicol\u00e1s Grigera rompi\u00f3 la paridad en el marcador a favor de Racing, luego de un tiro de esquina sobre la izquierda donde el \u201c1\u201d \u201ccarbonero\u201d no logr\u00f3 atenazarla, se le escurri\u00f3 de las manos y finalmente el defensor de cabeza la empuj\u00f3 para decretar el 1 \u2013 0 parcial.<\/p>\n<p>&nbsp;<\/p>\n<p>Despu\u00e9s del gol el cotejo se torn\u00f3 muy cortado hasta los 25 minutos de la segunda parte. Gustavo Romanello empez\u00f3 a mover el banco y fue as\u00ed como consigui\u00f3 llegar a la igualdad. A los 77\u2019 Acu\u00f1a estrell\u00f3 un tiro en el palo, la pelota qued\u00f3 boyando en el \u00e1rea del \u201cchaira\u201d y apareci\u00f3 el juvenil Leonel Lamela que marc\u00f3 el empate transitorio y su primer gol en Primera Divisi\u00f3n.<\/p>\n<p>&nbsp;<\/p>\n<p>Luego siete minutos m\u00e1s tarde, a los 84\u2019, Ram\u00edrez se anticip\u00f3 r\u00e1pidamente a un centro de Ferrara sobre la derecha y le sac\u00f3 la pelota a Pierce en lo que pudo haber significado el segundo tanto de Ferro.<\/p>\n<p>&nbsp;<\/p>\n<p>Con este empate el \u201ccarbonero\u201d lleg\u00f3 a los 29 puntos y culmin\u00f3 como ganador de la fase regular de manera invicta. Mientras tanto el \u201cchaira\u201d con 25 unidades es el escolta transitorio a la espera de lo que suceda con el encuentro del pr\u00f3ximo mi\u00e9rcoles entre El Fort\u00edn y Luj\u00e1n.<\/p>\n<p>&nbsp;<\/p>\n<p>S\u00edntesis Racing \u2013 Ferro Carril Sud:<\/p>\n<p><strong>Racing (1): <\/strong>N\u00e9stor Ram\u00edrez; Nicol\u00e1s Grigera, Ra\u00fal Campi\u00f3n, Mateo Rocha, Ignacio Baldo; Alexander Rubio, Alejandro Cataldi, Mateo Vitale (I. Riva), Juan Ponce; Franco Vel\u00e1zquez (J. Ag\u00fcero) y Rom\u00e1n Garabento. DT: Duilio Botella.<\/p>\n<p><strong>Ferro Carril Sud (1):<\/strong> Santiago P\u00e9rez; Ayrton Ben\u00edtez (L. Lamela), Enzo Su\u00e1rez, Franco Aguirre (Alan Ben\u00edtez); Jonathan Campos, Maximiliano Gargaglione, Iv\u00e1n G\u00f3mez (I. Pierce), Jos\u00e9 Vivas (A. Acu\u00f1a), Franco Hammerschmidt (D. Schwindt); Emmanuel Sbardolini y Lorenzo Ferrara. DT: Gustavo Romanello.<\/p>\n<p>Goles: 6m. ST Nicol\u00e1s Grigera (R); 32m. ST Leonel Lamela (FCS).<\/p>\n<p>Amonestados: Grigera y Ponce (Racing); Gargaglione, Su\u00e1rez, Vivas, Aguirre, Ferrara, G\u00f3mez y Alan Ben\u00edtez (Ferro)<\/p>\n<p>Expulsados: No hubo.<\/p>\n<p>\u00c1rbitro: Kevin Bali\u00f1o. Estadio: Buglione Martinese.<\/p>\n","protected":false},"excerpt":{"rendered":"<p>Fue 1 a 1 la igualdad entre el \u201cchaira\u201d y el \u201ccarbonero\u201d en el inicio de la und\u00e9cima fecha del<\/p>\n","protected":false},"author":96739694,"featured_media":144846,"comment_status":"closed","ping_status":"closed","sticky":false,"template":"","format":"standard","meta":{"_jetpack_memberships_contains_paid_content":false,"footnotes":""},"categories":[35,1,41],"tags":[],"class_list":["post-144845","post","type-post","status-publish","format-standard","has-post-thumbnail","hentry","category-futbol","category-portada","category-primera-y-reserva"],"jetpack_featured_media_url":"https:\/\/i0.wp.com\/cdnoticias.com\/wp-content\/uploads\/2021\/11\/racing-ferro-futbol-4.png?fit=1280%2C853&ssl=1","jetpack_sharing_enabled":true,"_links":{"self":[{"href":"https:\/\/cdnoticias.com\/index.php\/wp-json\/wp\/v2\/posts\/144845","targetHints":{"allow":["GET"]}}],"collection":[{"href":"https:\/\/cdnoticias.com\/index.php\/wp-json\/wp\/v2\/posts"}],"about":[{"href":"https:\/\/cdnoticias.com\/index.php\/wp-json\/wp\/v2\/types\/post"}],"author":[{"embeddable":true,"href":"https:\/\/cdnoticias.com\/index.php\/wp-json\/wp\/v2\/users\/96739694"}],"replies":[{"embeddable":true,"href":"https:\/\/cdnoticias.com\/index.php\/wp-json\/wp\/v2\/comments?post=144845"}],"version-history":[{"count":0,"href":"https:\/\/cdnoticias.com\/index.php\/wp-json\/wp\/v2\/posts\/144845\/revisions"}],"wp:featuredmedia":[{"embeddable":true,"href":"https:\/\/cdnoticias.com\/index.php\/wp-json\/wp\/v2\/media\/144846"}],"wp:attachment":[{"href":"https:\/\/cdnoticias.com\/index.php\/wp-json\/wp\/v2\/media?parent=144845"}],"wp:term":[{"taxonomy":"category","embeddable":true,"href":"https:\/\/cdnoticias.com\/index.php\/wp-json\/wp\/v2\/categories?post=144845"},{"taxonomy":"post_tag","embeddable":true,"href":"https:\/\/cdnoticias.com\/index.php\/wp-json\/wp\/v2\/tags?post=144845"}],"curies":[{"name":"wp","href":"https:\/\/api.w.org\/{rel}","templated":true}]}}