{"id":144815,"date":"2021-11-12T18:56:30","date_gmt":"2021-11-12T21:56:30","guid":{"rendered":"http:\/\/centraldeportes.com.ar\/?p=7680"},"modified":"2025-02-02T00:46:46","modified_gmt":"2025-02-02T03:46:46","slug":"aguas-abiertas-compitieron-salvatierra-y-gomez","status":"publish","type":"post","link":"https:\/\/cdnoticias.com\/index.php\/2021\/11\/12\/aguas-abiertas-compitieron-salvatierra-y-gomez\/","title":{"rendered":"Aguas Abiertas: compitieron Salvatierra y G\u00f3mez"},"content":{"rendered":"<p>Ludmila Salvatierra y Marcos G\u00f3mez se presentaron el pasado fin de semana en San Pedro, en una competencia de aguas abiertas en lo que signific\u00f3 el regreso post-pandemia.<!--more--><\/p>\n<hr \/>\n<p>Marcos G\u00f3mez se present\u00f3 en la distancia de 3,8 kil\u00f3metros y logr\u00f3 4\u00b0 posici\u00f3n en su categor\u00eda y la 12\u00b0 en la general con un tiempo de 55 minutos y 41 segundos.<\/p>\n<p>&nbsp;<\/p>\n<p>Por otro lado, Ludmila Salvatierra particip\u00f3 en los 7K y fue la cuarta dama en su categor\u00eda en completar el recorrido con un tiempo de 1:28:35 -adem\u00e1s fue 12\u00b0 en la general-.<\/p>\n","protected":false},"excerpt":{"rendered":"<p>Ludmila Salvatierra y Marcos G\u00f3mez se presentaron el pasado fin de semana en San Pedro, en una competencia de aguas<\/p>\n","protected":false},"author":96739694,"featured_media":144816,"comment_status":"closed","ping_status":"closed","sticky":false,"template":"","format":"standard","meta":{"_jetpack_memberships_contains_paid_content":false,"footnotes":""},"categories":[30,1],"tags":[],"class_list":["post-144815","post","type-post","status-publish","format-standard","has-post-thumbnail","hentry","category-polideportivo","category-portada"],"jetpack_featured_media_url":"https:\/\/i0.wp.com\/cdnoticias.com\/wp-content\/uploads\/2021\/11\/2abc41cba529834ae691a27006c033e6b5f20894.jpg?fit=750%2C350&ssl=1","jetpack_sharing_enabled":true,"_links":{"self":[{"href":"https:\/\/cdnoticias.com\/index.php\/wp-json\/wp\/v2\/posts\/144815","targetHints":{"allow":["GET"]}}],"collection":[{"href":"https:\/\/cdnoticias.com\/index.php\/wp-json\/wp\/v2\/posts"}],"about":[{"href":"https:\/\/cdnoticias.com\/index.php\/wp-json\/wp\/v2\/types\/post"}],"author":[{"embeddable":true,"href":"https:\/\/cdnoticias.com\/index.php\/wp-json\/wp\/v2\/users\/96739694"}],"replies":[{"embeddable":true,"href":"https:\/\/cdnoticias.com\/index.php\/wp-json\/wp\/v2\/comments?post=144815"}],"version-history":[{"count":0,"href":"https:\/\/cdnoticias.com\/index.php\/wp-json\/wp\/v2\/posts\/144815\/revisions"}],"wp:featuredmedia":[{"embeddable":true,"href":"https:\/\/cdnoticias.com\/index.php\/wp-json\/wp\/v2\/media\/144816"}],"wp:attachment":[{"href":"https:\/\/cdnoticias.com\/index.php\/wp-json\/wp\/v2\/media?parent=144815"}],"wp:term":[{"taxonomy":"category","embeddable":true,"href":"https:\/\/cdnoticias.com\/index.php\/wp-json\/wp\/v2\/categories?post=144815"},{"taxonomy":"post_tag","embeddable":true,"href":"https:\/\/cdnoticias.com\/index.php\/wp-json\/wp\/v2\/tags?post=144815"}],"curies":[{"name":"wp","href":"https:\/\/api.w.org\/{rel}","templated":true}]}}