{"id":144770,"date":"2021-11-08T13:47:59","date_gmt":"2021-11-08T16:47:59","guid":{"rendered":"http:\/\/centraldeportes.com.ar\/?p=7520"},"modified":"2021-11-08T13:47:59","modified_gmt":"2021-11-08T16:47:59","slug":"dos-goles-de-lucas-janson-para-la-victoria-de-velez","status":"publish","type":"post","link":"https:\/\/cdnoticias.com\/index.php\/2021\/11\/08\/dos-goles-de-lucas-janson-para-la-victoria-de-velez\/","title":{"rendered":"Dos goles de Lucas Janson para la victoria de V\u00e9lez"},"content":{"rendered":"<p>Desde el viernes y hasta el pasado domingo hubo presencia olavarriense en la \u00e9lite del f\u00fatbol argentino que complet\u00f3 la 20\u00b0 fecha y se destac\u00f3 Lucas Janson con dos goles en la victoria de V\u00e9lez. Adem\u00e1s, Pedro De la Vega fue titular y no estuvo Braian Salvareschi.<!--more--><\/p>\n<hr \/>\n<p>El viernes, Lan\u00fas igual\u00f3 1 a 1 ante Estudiantes en lo que signific\u00f3 el regreso de Pedro De la Vega a la titularidad en el \u201cGranate\u201d.<\/p>\n<p>&nbsp;<\/p>\n<p>Ya en la jornada dominical, Sarmiento perdi\u00f3 3 a 1 ante Central C\u00f3rdoba pero sin Braian Salvareschi que debi\u00f3 cumplir una fecha de suspensi\u00f3n por llegar al l\u00edmite de tarjetas amarillas.<\/p>\n<p>&nbsp;<\/p>\n<p>Por otro lado, V\u00e9lez se impuso 2 a 1 a San Lorenzo y los dos goles fueros de Lucas Janson. El delantero del \u201cFort\u00edn\u201d anot\u00f3 de cabeza al minuto de juego y luego con un gran remate a los 28\u00b4 y fue reemplazado en el segundo tiempo.<\/p>\n<p>&nbsp;<\/p>\n<p>[embedyt] https:\/\/www.youtube.com\/watch?v=fyQjk1NSXoI[\/embedyt]<\/p>\n<p>[embedyt] https:\/\/www.youtube.com\/watch?v=FvZIU2QwSG0[\/embedyt]<\/p>\n","protected":false},"excerpt":{"rendered":"<p>Desde el viernes y hasta el pasado domingo hubo presencia olavarriense en la \u00e9lite del f\u00fatbol argentino que complet\u00f3 la<\/p>\n","protected":false},"author":96739694,"featured_media":144771,"comment_status":"closed","ping_status":"closed","sticky":false,"template":"","format":"standard","meta":{"_jetpack_memberships_contains_paid_content":false,"footnotes":""},"categories":[35,37,1],"tags":[],"class_list":["post-144770","post","type-post","status-publish","format-standard","has-post-thumbnail","hentry","category-futbol","category-futbol-profesional","category-portada"],"jetpack_featured_media_url":"https:\/\/i0.wp.com\/cdnoticias.com\/wp-content\/uploads\/2021\/11\/WhatsApp-Image-2021-11-07-at-23.49.38.jpeg?fit=1600%2C1065&ssl=1","jetpack_sharing_enabled":true,"_links":{"self":[{"href":"https:\/\/cdnoticias.com\/index.php\/wp-json\/wp\/v2\/posts\/144770","targetHints":{"allow":["GET"]}}],"collection":[{"href":"https:\/\/cdnoticias.com\/index.php\/wp-json\/wp\/v2\/posts"}],"about":[{"href":"https:\/\/cdnoticias.com\/index.php\/wp-json\/wp\/v2\/types\/post"}],"author":[{"embeddable":true,"href":"https:\/\/cdnoticias.com\/index.php\/wp-json\/wp\/v2\/users\/96739694"}],"replies":[{"embeddable":true,"href":"https:\/\/cdnoticias.com\/index.php\/wp-json\/wp\/v2\/comments?post=144770"}],"version-history":[{"count":0,"href":"https:\/\/cdnoticias.com\/index.php\/wp-json\/wp\/v2\/posts\/144770\/revisions"}],"wp:featuredmedia":[{"embeddable":true,"href":"https:\/\/cdnoticias.com\/index.php\/wp-json\/wp\/v2\/media\/144771"}],"wp:attachment":[{"href":"https:\/\/cdnoticias.com\/index.php\/wp-json\/wp\/v2\/media?parent=144770"}],"wp:term":[{"taxonomy":"category","embeddable":true,"href":"https:\/\/cdnoticias.com\/index.php\/wp-json\/wp\/v2\/categories?post=144770"},{"taxonomy":"post_tag","embeddable":true,"href":"https:\/\/cdnoticias.com\/index.php\/wp-json\/wp\/v2\/tags?post=144770"}],"curies":[{"name":"wp","href":"https:\/\/api.w.org\/{rel}","templated":true}]}}