{"id":144766,"date":"2021-11-08T16:58:08","date_gmt":"2021-11-08T19:58:08","guid":{"rendered":"http:\/\/centraldeportes.com.ar\/?p=7529"},"modified":"2021-11-08T16:58:08","modified_gmt":"2021-11-08T19:58:08","slug":"ale-diez-y-comunicaciones-tuvieron-su-estreno-en-la-liga-nacional","status":"publish","type":"post","link":"https:\/\/cdnoticias.com\/index.php\/2021\/11\/08\/ale-diez-y-comunicaciones-tuvieron-su-estreno-en-la-liga-nacional\/","title":{"rendered":"\u201cAle\u201d Diez y Comunicaciones tuvieron su estreno en La Liga Nacional"},"content":{"rendered":"<p>El pasado s\u00e1bado en Mercedes, Comunicaciones recibi\u00f3 a Quimsa para completar su primer partido en la temporada 21\/22 de La Liga Nacional y fue con derrota por 83 a 71.<!--more--><\/p>\n<hr \/>\n<p>La \u201cFusi\u00f3n\u201d logr\u00f3 un gran tercer cuarto para revertir el buen pasaje de los mercedinos y se quedaron con la victoria en la ruta.<\/p>\n<p>&nbsp;<\/p>\n<p>Para Comunicaciones el cotejo signific\u00f3 el debut en la temporada, el regreso de su p\u00fablico al estadio y el estreno de varios con la camiseta \u201caurinegra\u201d.<\/p>\n<p>&nbsp;<\/p>\n<p>Entre los debutantes, Alejandro Diez fue el segundo goleador con 15 puntos, por detr\u00e1s de Jordan Adams que fue el goleador.<\/p>\n<p>&nbsp;<\/p>\n<p>Adem\u00e1s, el ala-pivot que suma una nueva temporada en la \u00e9lite de b\u00e1squet sum\u00f3 10 rebotes y tres asistencias en 32:58 minutos en cancha.<\/p>\n","protected":false},"excerpt":{"rendered":"<p>El pasado s\u00e1bado en Mercedes, Comunicaciones recibi\u00f3 a Quimsa para completar su primer partido en la temporada 21\/22 de La<\/p>\n","protected":false},"author":96739694,"featured_media":144767,"comment_status":"closed","ping_status":"closed","sticky":false,"template":"","format":"standard","meta":{"_jetpack_memberships_contains_paid_content":false,"footnotes":""},"categories":[31,36,1],"tags":[],"class_list":["post-144766","post","type-post","status-publish","format-standard","has-post-thumbnail","hentry","category-basquet","category-liga-nacional","category-portada"],"jetpack_featured_media_url":"https:\/\/i0.wp.com\/cdnoticias.com\/wp-content\/uploads\/2021\/11\/dsc_0155_v3.jpg?fit=1024%2C683&ssl=1","jetpack_sharing_enabled":true,"_links":{"self":[{"href":"https:\/\/cdnoticias.com\/index.php\/wp-json\/wp\/v2\/posts\/144766","targetHints":{"allow":["GET"]}}],"collection":[{"href":"https:\/\/cdnoticias.com\/index.php\/wp-json\/wp\/v2\/posts"}],"about":[{"href":"https:\/\/cdnoticias.com\/index.php\/wp-json\/wp\/v2\/types\/post"}],"author":[{"embeddable":true,"href":"https:\/\/cdnoticias.com\/index.php\/wp-json\/wp\/v2\/users\/96739694"}],"replies":[{"embeddable":true,"href":"https:\/\/cdnoticias.com\/index.php\/wp-json\/wp\/v2\/comments?post=144766"}],"version-history":[{"count":0,"href":"https:\/\/cdnoticias.com\/index.php\/wp-json\/wp\/v2\/posts\/144766\/revisions"}],"wp:featuredmedia":[{"embeddable":true,"href":"https:\/\/cdnoticias.com\/index.php\/wp-json\/wp\/v2\/media\/144767"}],"wp:attachment":[{"href":"https:\/\/cdnoticias.com\/index.php\/wp-json\/wp\/v2\/media?parent=144766"}],"wp:term":[{"taxonomy":"category","embeddable":true,"href":"https:\/\/cdnoticias.com\/index.php\/wp-json\/wp\/v2\/categories?post=144766"},{"taxonomy":"post_tag","embeddable":true,"href":"https:\/\/cdnoticias.com\/index.php\/wp-json\/wp\/v2\/tags?post=144766"}],"curies":[{"name":"wp","href":"https:\/\/api.w.org\/{rel}","templated":true}]}}