{"id":144755,"date":"2021-11-09T00:54:03","date_gmt":"2021-11-09T03:54:03","guid":{"rendered":"http:\/\/centraldeportes.com.ar\/?p=7554"},"modified":"2021-11-09T00:54:03","modified_gmt":"2021-11-09T03:54:03","slug":"el-fortin-no-pudo-ganar-y-lo-festejo-ferro","status":"publish","type":"post","link":"https:\/\/cdnoticias.com\/index.php\/2021\/11\/09\/el-fortin-no-pudo-ganar-y-lo-festejo-ferro\/","title":{"rendered":"El Fort\u00edn no pudo ganar y lo festej\u00f3 Ferro"},"content":{"rendered":"<p>En el Ricardo S\u00e1nchez se complet\u00f3 la 10\u00b0 fecha del Torneo Apertura y fue empate 3 a 3 entre El Fort\u00edn y Loma Negra, resultado que termin\u00f3 festejando Ferro que se asegur\u00f3 la primera ubicaci\u00f3n de la Etapa Regular.<!--more--><\/p>\n<hr \/>\n<p>En un partido cambiante, de ida y vuelta y con emociones hasta el final, El Fort\u00edn no logr\u00f3 la victoria que necesitaba para seguir con chances de asegurarse un lugar en la Final del \u201cNorberto Desanzo\u201d.<\/p>\n<p>&nbsp;<\/p>\n<p>Diego Ortega abri\u00f3 el marcador a los 6 minutos de iniciado el partido y Alejandro Alonso hab\u00eda dado la ventaja al \u201cCeleste\u201d a los 40\u00b4, mientras que Mat\u00edas Abelairas hab\u00eda igualado las acciones en la primera mitad del encuentro que se llev\u00f3 a cabo en el Ricardo S\u00e1nchez.<\/p>\n<p>&nbsp;<\/p>\n<p><img data-recalc-dims=\"1\" loading=\"lazy\" decoding=\"async\" class=\"aligncenter size-full wp-image-7553\" src=\"https:\/\/i0.wp.com\/centraldeportes.com.ar\/wp-content\/uploads\/2021\/11\/fortin-ln-3.png?resize=800%2C533\" alt=\"\" width=\"800\" height=\"533\" \/><\/p>\n<p>&nbsp;<\/p>\n<p>En los segundos 45 minutos, Alonso estir\u00f3 la ventaja para el equipo de Carlos Cirioli y la reacci\u00f3n \u201cFortinera\u201d lleg\u00f3 a trav\u00e9s de Emiliano Piecenti y nuevamente Mat\u00edas Abelairas que decretaron la igualdad.<\/p>\n<p>&nbsp;<\/p>\n<p>A pesar de haber sumado una unidad, El Fort\u00edn se qued\u00f3 sin chances de ser el primero de la Etapa Regular y Ferro, festej\u00f3 desde la comodidad de su hogar el primer lugar de la tabla.<\/p>\n<p>S\u00edntesis El Fort\u00edn \u2013 Loma Negra:<br \/>\n<strong>El Fort\u00edn (3): Facundo Piecenti; Yair Orradre, Andr\u00e9s Ilekis, Alexis Laplace, Pablo Ponce; Marcos Bonavetti, Daniel S\u00e1nchez (Oliveto), Mat\u00edas Abelairas, Gustavo Tolosa (Di Ger\u00f3nimo); Emiliano Piecenti y Brian Wagner (Pelaytay). DT: Gabriel Senzacqua.<\/strong><br \/>\n<strong>Loma Negra (3): Juan Andrada; Juan Boloqui, Enzo Rivas (S. Rivas), Juan Sal\u00edas, Alejandro Altamirano; Sebasti\u00e1n Rodr\u00edguez, Germ\u00e1n Dumerauf, Diego Ortega; Franco Lopreite (Galotti), Facundo Hojman (Galv\u00e1n), Alejandro Alonso (Schamle). DT- Carlos Cirioli<\/strong><br \/>\nGoles: 6m. PT Diego Ortega (LN), 25m. Mat\u00edas Abelairas (EF), 40m. Alejandro Alonso (LN)<br \/>\n13m. Alejandro Alonso (LN), 37m. Emiliano Piecenti (EF), 47m. Mat\u00edas Abelairas<br \/>\nAmonestados: Ilekis, Laplace, Ponce, Tolosa, Oliveto (El Fort\u00edn); Andrada, Sal\u00edas, Rodr\u00edguez, Alonso, Rivas, S. (Loma Negra)<br \/>\nExpulsados: No hubo<br \/>\n\u00c1rbitro: Kevin Bali\u00f1o. Estadio: Ricardo S\u00e1nchez.<\/p>\n","protected":false},"excerpt":{"rendered":"<p>En el Ricardo S\u00e1nchez se complet\u00f3 la 10\u00b0 fecha del Torneo Apertura y fue empate 3 a 3 entre El<\/p>\n","protected":false},"author":96739694,"featured_media":144757,"comment_status":"closed","ping_status":"closed","sticky":false,"template":"","format":"standard","meta":{"_jetpack_memberships_contains_paid_content":false,"footnotes":""},"categories":[35,1,41],"tags":[],"class_list":["post-144755","post","type-post","status-publish","format-standard","has-post-thumbnail","hentry","category-futbol","category-portada","category-primera-y-reserva"],"jetpack_featured_media_url":"https:\/\/i0.wp.com\/cdnoticias.com\/wp-content\/uploads\/2021\/11\/fortin-ln-1.png?fit=1280%2C853&ssl=1","jetpack_sharing_enabled":true,"_links":{"self":[{"href":"https:\/\/cdnoticias.com\/index.php\/wp-json\/wp\/v2\/posts\/144755","targetHints":{"allow":["GET"]}}],"collection":[{"href":"https:\/\/cdnoticias.com\/index.php\/wp-json\/wp\/v2\/posts"}],"about":[{"href":"https:\/\/cdnoticias.com\/index.php\/wp-json\/wp\/v2\/types\/post"}],"author":[{"embeddable":true,"href":"https:\/\/cdnoticias.com\/index.php\/wp-json\/wp\/v2\/users\/96739694"}],"replies":[{"embeddable":true,"href":"https:\/\/cdnoticias.com\/index.php\/wp-json\/wp\/v2\/comments?post=144755"}],"version-history":[{"count":0,"href":"https:\/\/cdnoticias.com\/index.php\/wp-json\/wp\/v2\/posts\/144755\/revisions"}],"wp:featuredmedia":[{"embeddable":true,"href":"https:\/\/cdnoticias.com\/index.php\/wp-json\/wp\/v2\/media\/144757"}],"wp:attachment":[{"href":"https:\/\/cdnoticias.com\/index.php\/wp-json\/wp\/v2\/media?parent=144755"}],"wp:term":[{"taxonomy":"category","embeddable":true,"href":"https:\/\/cdnoticias.com\/index.php\/wp-json\/wp\/v2\/categories?post=144755"},{"taxonomy":"post_tag","embeddable":true,"href":"https:\/\/cdnoticias.com\/index.php\/wp-json\/wp\/v2\/tags?post=144755"}],"curies":[{"name":"wp","href":"https:\/\/api.w.org\/{rel}","templated":true}]}}