{"id":144747,"date":"2021-11-10T00:19:31","date_gmt":"2021-11-10T03:19:31","guid":{"rendered":"http:\/\/centraldeportes.com.ar\/?p=7566"},"modified":"2021-11-10T00:19:31","modified_gmt":"2021-11-10T03:19:31","slug":"el-chaira-empezo-bien-la-defensa-del-titulo","status":"publish","type":"post","link":"https:\/\/cdnoticias.com\/index.php\/2021\/11\/10\/el-chaira-empezo-bien-la-defensa-del-titulo\/","title":{"rendered":"El \u201cChaira\u201d empez\u00f3 bien la defensa del t\u00edtulo"},"content":{"rendered":"<p>Racing derrot\u00f3 a El Fort\u00edn por 69 a 56 en el comienzo del segundo torneo del a\u00f1o organizado por la Asociaci\u00f3n de B\u00e1squet de Olavarr\u00eda.<\/p>\n<p><!--more--><\/p>\n<hr \/>\n<p>En el Amadeo Bellingeri, los locales empezaron mejor el cotejo inaugural y con los aportes de Alveza y Negreti m\u00e1s varias recuperaciones lograron aventajarse por m\u00e1s de una decena de puntos. Sin embargo, antes del cierre del primer parcial, el \u201cChaira\u201d reaccion\u00f3 adelantando su defensa y haci\u00e9ndose del bal\u00f3n.<\/p>\n<p>&nbsp;<\/p>\n<p>La reacci\u00f3n de Racing contin\u00fao en el segundo cuarto cuando aparecieron Leal y Mondini en todo su esplendor para pasar al frente por primera vez en el partido y comenzar a alejarse en el electr\u00f3nico.<\/p>\n<p>&nbsp;<\/p>\n<p>[soliloquy slug=&#8221;el-fortin-racing-2&#8243;]<\/p>\n<p>&nbsp;<\/p>\n<p>El tercer cuarto dio inicio con total dominio visitante que comandado por Leal y el aportes de varios de sus juveniles con algunos triples, logr\u00f3 la m\u00e1xima diferencia de 19 puntos a poco del final.<\/p>\n<p>&nbsp;<\/p>\n<p>No se rindi\u00f3 el elenco comandado por Diego Lancione y en los \u00faltimos 10 minutos presion\u00f3 el bal\u00f3n, logr\u00f3 recuperaciones y descont\u00f3 a trav\u00e9s de Garces para forzar la detenci\u00f3n desde el banco de la \u201cEstrellita\u201d que logr\u00f3 controlar las acciones a pesar de haber cedido 11 puntos en pocos ataques y lleg\u00f3 a la chicharra final en ventaja para iniciar con conquista la defensa del t\u00edtulo.<\/p>\n<p>&nbsp;<\/p>\n<p>S\u00edntesis El Fort\u00edn \u2013 Racing:<\/p>\n<p>Estadio: Amadeo Bellingeri<\/p>\n<p>\u00c1rbitros: Chantiri, A. y Reyes, A.<\/p>\n<p><strong>El Fort\u00edn (56): Naselli (2), Negreti (8), Andreu (5), Baffo (10), Alveza (17) -FI- Vistali (0), Llantada (1), Sequeira (0), Mauerer (2), Garces (11). DT- Diego Lancione<\/strong><\/p>\n<p><strong>Racing (69): Ferreyra (2), Mondini (17), Navarro, S. (14), Ciuffetelli (4), Leal (22) -FI- \u00c1lvarez (4), Silveri (0), Navarro, J. (0), Alberca (0), D\u00b4Alessio (2), Fornes (4). DT- Mat\u00edas Orlando<\/strong><\/p>\n<p>Parciales: 24 \u2013 15; 31 \u2013 37; 38 \u2013 56 y 56 \u2013 69<\/p>\n","protected":false},"excerpt":{"rendered":"<p>Racing derrot\u00f3 a El Fort\u00edn por 69 a 56 en el comienzo del segundo torneo del a\u00f1o organizado por la<\/p>\n","protected":false},"author":96739694,"featured_media":144748,"comment_status":"closed","ping_status":"closed","sticky":false,"template":"","format":"standard","meta":{"_jetpack_memberships_contains_paid_content":false,"footnotes":""},"categories":[31,1,43],"tags":[],"class_list":["post-144747","post","type-post","status-publish","format-standard","has-post-thumbnail","hentry","category-basquet","category-portada","category-primera"],"jetpack_featured_media_url":"https:\/\/i0.wp.com\/cdnoticias.com\/wp-content\/uploads\/2021\/11\/elfortin-racing-1era-6.png?fit=1280%2C853&ssl=1","jetpack_sharing_enabled":true,"_links":{"self":[{"href":"https:\/\/cdnoticias.com\/index.php\/wp-json\/wp\/v2\/posts\/144747","targetHints":{"allow":["GET"]}}],"collection":[{"href":"https:\/\/cdnoticias.com\/index.php\/wp-json\/wp\/v2\/posts"}],"about":[{"href":"https:\/\/cdnoticias.com\/index.php\/wp-json\/wp\/v2\/types\/post"}],"author":[{"embeddable":true,"href":"https:\/\/cdnoticias.com\/index.php\/wp-json\/wp\/v2\/users\/96739694"}],"replies":[{"embeddable":true,"href":"https:\/\/cdnoticias.com\/index.php\/wp-json\/wp\/v2\/comments?post=144747"}],"version-history":[{"count":0,"href":"https:\/\/cdnoticias.com\/index.php\/wp-json\/wp\/v2\/posts\/144747\/revisions"}],"wp:featuredmedia":[{"embeddable":true,"href":"https:\/\/cdnoticias.com\/index.php\/wp-json\/wp\/v2\/media\/144748"}],"wp:attachment":[{"href":"https:\/\/cdnoticias.com\/index.php\/wp-json\/wp\/v2\/media?parent=144747"}],"wp:term":[{"taxonomy":"category","embeddable":true,"href":"https:\/\/cdnoticias.com\/index.php\/wp-json\/wp\/v2\/categories?post=144747"},{"taxonomy":"post_tag","embeddable":true,"href":"https:\/\/cdnoticias.com\/index.php\/wp-json\/wp\/v2\/tags?post=144747"}],"curies":[{"name":"wp","href":"https:\/\/api.w.org\/{rel}","templated":true}]}}