{"id":14474,"date":"2021-02-23T08:26:47","date_gmt":"2021-02-23T11:26:47","guid":{"rendered":"http:\/\/www.centraldenoticias.com.ar\/?p=14474"},"modified":"2021-02-23T08:26:47","modified_gmt":"2021-02-23T11:26:47","slug":"elsa-esther-lopez-vda-de-heinrich-china-q-e-p-d","status":"publish","type":"post","link":"https:\/\/cdnoticias.com\/index.php\/2021\/02\/23\/elsa-esther-lopez-vda-de-heinrich-china-q-e-p-d\/","title":{"rendered":"Elsa Esther L\u00f3pez vda de Heinrich \u201cChina\u201d (Q.E.P.D.)"},"content":{"rendered":"<p>Falleci\u00f3 en Olavarr\u00eda el d\u00eda 22 de febrero de 2021 a los 69 a\u00f1os de edad. Sus hijas: Mar\u00eda de los \u00c1ngeles y Romina Susana Heinrich. Su hijo pol\u00edtico: Dante Wagner. Sus nietos: Andrea y Franco Wagner. Su bisnieto: Lorenzo Casta\u00f1ares, y dem\u00e1s deudos participan su fallecimiento.<\/p>\n<p>Sin velatorio. Sin responso. Cremaci\u00f3n: Crematorio Pinos de Paz, d\u00eda a confirmar. Servicio adherido a Coopelectric.<\/p>\n<p>Barrio en el que viv\u00eda: Hinojo.<\/p>\n<p>Lugar de nacimiento: Hinojo.<\/p>\n<p>Actividad que desarrollaba: Jubilada y Pensionada.<\/p>\n","protected":false},"excerpt":{"rendered":"<p>Falleci\u00f3 en Olavarr\u00eda el d\u00eda 22 de febrero de 2021 a los 69 a\u00f1os de edad. Sus hijas: Mar\u00eda de<\/p>\n","protected":false},"author":4,"featured_media":0,"comment_status":"closed","ping_status":"closed","sticky":false,"template":"","format":"standard","meta":{"_jetpack_memberships_contains_paid_content":false,"footnotes":""},"categories":[10],"tags":[],"class_list":["post-14474","post","type-post","status-publish","format-standard","hentry","category-necrologicas"],"jetpack_featured_media_url":"","jetpack_sharing_enabled":true,"_links":{"self":[{"href":"https:\/\/cdnoticias.com\/index.php\/wp-json\/wp\/v2\/posts\/14474","targetHints":{"allow":["GET"]}}],"collection":[{"href":"https:\/\/cdnoticias.com\/index.php\/wp-json\/wp\/v2\/posts"}],"about":[{"href":"https:\/\/cdnoticias.com\/index.php\/wp-json\/wp\/v2\/types\/post"}],"author":[{"embeddable":true,"href":"https:\/\/cdnoticias.com\/index.php\/wp-json\/wp\/v2\/users\/4"}],"replies":[{"embeddable":true,"href":"https:\/\/cdnoticias.com\/index.php\/wp-json\/wp\/v2\/comments?post=14474"}],"version-history":[{"count":0,"href":"https:\/\/cdnoticias.com\/index.php\/wp-json\/wp\/v2\/posts\/14474\/revisions"}],"wp:attachment":[{"href":"https:\/\/cdnoticias.com\/index.php\/wp-json\/wp\/v2\/media?parent=14474"}],"wp:term":[{"taxonomy":"category","embeddable":true,"href":"https:\/\/cdnoticias.com\/index.php\/wp-json\/wp\/v2\/categories?post=14474"},{"taxonomy":"post_tag","embeddable":true,"href":"https:\/\/cdnoticias.com\/index.php\/wp-json\/wp\/v2\/tags?post=14474"}],"curies":[{"name":"wp","href":"https:\/\/api.w.org\/{rel}","templated":true}]}}