{"id":144733,"date":"2021-11-04T01:13:06","date_gmt":"2021-11-04T04:13:06","guid":{"rendered":"http:\/\/centraldeportes.com.ar\/?p=7369"},"modified":"2021-11-04T01:13:06","modified_gmt":"2021-11-04T04:13:06","slug":"el-fortin-supero-por-la-minima-a-racing-y-sigue-de-cerca-a-ferro","status":"publish","type":"post","link":"https:\/\/cdnoticias.com\/index.php\/2021\/11\/04\/el-fortin-supero-por-la-minima-a-racing-y-sigue-de-cerca-a-ferro\/","title":{"rendered":"El Fort\u00edn super\u00f3 por la m\u00ednima a Racing y sigue de cerca a Ferro"},"content":{"rendered":"<p>La novena fecha del Apertura \u201cNorberto Desanzo\u201d de Primera Divisi\u00f3n tuvo su continuidad y en el \u201cRicardo S\u00e1nchez\u201d fue triunfo de El Fort\u00edn 1 a 0 sobre el \u201cchaira\u201d con gol de Emiliano Piecenti en el complemento.<\/p>\n<p><!--more--><\/p>\n<hr \/>\n<p>A sabiendas de la victoria de Ferro el pasado martes, los dos escoltas estaban obligados a sumar de a 3 para no perderle pisada al \u201ccarbonero\u201d en el campeonato. Fue El Fort\u00edn el que tom\u00f3 la iniciativa en los primeros minutos, con llegadas al \u00e1rea que no significaron peligro para el arco defendido por Ram\u00edrez.<\/p>\n<p>&nbsp;<\/p>\n<p>Durante el arrastre de minutos, Racing hizo pi\u00e9 en el mediocampo y empez\u00f3 a tener aproximaciones m\u00e1s que nada de pelota parada. No obstante, pasados los 15\u2019 Botella debi\u00f3 agotar una variante obligada por la lesi\u00f3n de Ayesa. Luego a los 20 minutos, Aguerre tuvo la apertura del marcador en sus pies pero su remate sali\u00f3 muy desviado por la derecha del arco fortinero.<\/p>\n<p>&nbsp;<\/p>\n<p>A mitad del primer chico el \u201cchaira\u201d fue m\u00e1s que El Fort\u00edn y gener\u00f3 chances para ponerse en ventaja pero no estuvo fino en las terminaciones. Tal fue as\u00ed que en el minuto 30, la jugada que logr\u00f3 concretar\u00a0 con gol Izaguirre fue anulada por posici\u00f3n adelantada; la misma suerte corri\u00f3 el equipo de Senzacqua que 7 minutos m\u00e1s tarde, el \u00c1rbitro Asistente N\u00b0 1 Mat\u00edas Messineo le invalid\u00f3 un gol a Mar\u00edn.<\/p>\n<p>&nbsp;<\/p>\n<p>No fueron buenas noticias para el equipo de la Av. Urquiza en el arranque del complemento porque a los 52\u2019, se fue expulsado Cisneros por roja directa. Cinco minutos m\u00e1s tarde a los 57\u2019, el \u201cchaira\u201d tambi\u00e9n se qued\u00f3 con 10 hombres por la doble amonestaci\u00f3n de Cataldi.<\/p>\n<p>&nbsp;<\/p>\n<p>[soliloquy slug=&#8221;el-fortin-racing&#8221;]<\/p>\n<p>&nbsp;<\/p>\n<p>Pasados los 20 minutos de la segunda parte fueron pocas las llegadas claras por parte de ambos equipo debido a que\u00a0 el juego se torn\u00f3 trabado en el mediocampo y muy friccionado. Sin embargo en el minuto 70, Mar\u00edn domin\u00f3 bien un pelotazo desde el fondo, enganch\u00f3 y\u00a0 desde el v\u00e9rtice derecho envi\u00f3 un centro al \u00e1rea para la llegada de Emiliano Piecenti que de cabeza decret\u00f3 el 1 a 0 para el elenco fortinero.<\/p>\n<p>&nbsp;<\/p>\n<p>Por su parte dos minutos m\u00e1s tarde, la misma f\u00f3rmula casi puso el 2 a 0 pero Ram\u00edrez detuvo sin problemas el cabezazo del \u201cconejo\u201d Piecenti. Posteriormente a los 75\u2019, El Fort\u00edn se qued\u00f3 con 9 jugadores por la roja directa a\u00a0 Leal luego de cometer una dura entrada sobre un rival.<\/p>\n<p>&nbsp;<\/p>\n<p>En los minutos finales, el equipo dirigido por Botella fue en b\u00fasqueda del empate pero no pudo concretar jugadas de peligro, no as\u00ed El Fort\u00edn que a los 85\u2019 un remate de S\u00e1nchez impact\u00f3 en el palo izquierdo del arco de Ram\u00edrez y pudo haber significado el segundo gol para su equipo.<\/p>\n<p>&nbsp;<\/p>\n<p>No hubo tiempo para m\u00e1s en el estadio \u201cRicardo S\u00e1nchez\u201d, fue un festejo ajustado para El Fort\u00edn que con este resultado lleg\u00f3 a la sexta victoria consecutiva y sigue a un punto del l\u00edder Ferro Carril Sud.<\/p>\n<p>&nbsp;<\/p>\n<p>S\u00edntesis El Fort\u00edn \u2013 Racing:<\/p>\n<p>El Fort\u00edn (1): Facundo Piecenti; Facundo Cisneros, Andr\u00e9s Ilekis, Hugo Larregina (D. S\u00e1nchez), Pablo Ponce; Marcos Bonavetti, Alen Leal, Mat\u00edas Abelairas (B. Wagner), Gustavo Tolosa (Y. Orradre); Emiliano Piecenti (M. Oliveto) y Quimey Mar\u00edn. DT: Gabriel Senzacqua.<\/p>\n<p>Racing (0): N\u00e9stor Ram\u00edrez; Joaquin Ayesa (B. Palacios), Juan Etchegaray, Gonzalo Izaguirre, Ignacio Baldo (D. Riva); Alexander Rubio, Alejandro Cataldi, Franco Janson, Juan Ponce; Mat\u00edas Ordozgoiti y Facundo Aguerre. DT: Duilio Botella.<\/p>\n<p>Goles: 25m. ST Emiliano Piecenti (EF)<\/p>\n<p>Amonestados: Cisneros y Abelairas (El Fort\u00edn); Baldo, Cataldi, Izaguirre, Janson y Aguerre (Racing)<\/p>\n<p>Expulsados: 7m. ST Facundo Cisneros (EF); 11m. ST Alejandro Cataldi (R); 30m. ST Alen Leal (EF)<\/p>\n<p>\u00c1rbitro: Adri\u00e1n Deber. Estadio: Ricardo S\u00e1nchez.<\/p>\n","protected":false},"excerpt":{"rendered":"<p>La novena fecha del Apertura \u201cNorberto Desanzo\u201d de Primera Divisi\u00f3n tuvo su continuidad y en el \u201cRicardo S\u00e1nchez\u201d fue triunfo<\/p>\n","protected":false},"author":96739694,"featured_media":144734,"comment_status":"closed","ping_status":"closed","sticky":false,"template":"","format":"standard","meta":{"_jetpack_memberships_contains_paid_content":false,"footnotes":""},"categories":[35,1,41],"tags":[],"class_list":["post-144733","post","type-post","status-publish","format-standard","has-post-thumbnail","hentry","category-futbol","category-portada","category-primera-y-reserva"],"jetpack_featured_media_url":"https:\/\/i0.wp.com\/cdnoticias.com\/wp-content\/uploads\/2021\/11\/elfortin-racing-3.png?fit=1280%2C853&ssl=1","jetpack_sharing_enabled":true,"_links":{"self":[{"href":"https:\/\/cdnoticias.com\/index.php\/wp-json\/wp\/v2\/posts\/144733","targetHints":{"allow":["GET"]}}],"collection":[{"href":"https:\/\/cdnoticias.com\/index.php\/wp-json\/wp\/v2\/posts"}],"about":[{"href":"https:\/\/cdnoticias.com\/index.php\/wp-json\/wp\/v2\/types\/post"}],"author":[{"embeddable":true,"href":"https:\/\/cdnoticias.com\/index.php\/wp-json\/wp\/v2\/users\/96739694"}],"replies":[{"embeddable":true,"href":"https:\/\/cdnoticias.com\/index.php\/wp-json\/wp\/v2\/comments?post=144733"}],"version-history":[{"count":0,"href":"https:\/\/cdnoticias.com\/index.php\/wp-json\/wp\/v2\/posts\/144733\/revisions"}],"wp:featuredmedia":[{"embeddable":true,"href":"https:\/\/cdnoticias.com\/index.php\/wp-json\/wp\/v2\/media\/144734"}],"wp:attachment":[{"href":"https:\/\/cdnoticias.com\/index.php\/wp-json\/wp\/v2\/media?parent=144733"}],"wp:term":[{"taxonomy":"category","embeddable":true,"href":"https:\/\/cdnoticias.com\/index.php\/wp-json\/wp\/v2\/categories?post=144733"},{"taxonomy":"post_tag","embeddable":true,"href":"https:\/\/cdnoticias.com\/index.php\/wp-json\/wp\/v2\/tags?post=144733"}],"curies":[{"name":"wp","href":"https:\/\/api.w.org\/{rel}","templated":true}]}}