{"id":144713,"date":"2021-11-05T20:14:32","date_gmt":"2021-11-05T23:14:32","guid":{"rendered":"http:\/\/centraldeportes.com.ar\/?p=7407"},"modified":"2021-11-05T20:14:32","modified_gmt":"2021-11-05T23:14:32","slug":"la-asociacion-civil-olavarriense-de-padel-convoco-a-elecciones","status":"publish","type":"post","link":"https:\/\/cdnoticias.com\/index.php\/2021\/11\/05\/la-asociacion-civil-olavarriense-de-padel-convoco-a-elecciones\/","title":{"rendered":"La Asociaci\u00f3n Civil Olavarriense de P\u00e1del convoc\u00f3 a elecciones"},"content":{"rendered":"<p>En las \u00faltimas horas se dio a conocer que la Asociaci\u00f3n Civil Olavarriense de P\u00e1del convoc\u00f3 a elecciones para conformar la nueva Comisi\u00f3n Directiva.<!--more--><\/p>\n<hr \/>\n<p>Luego de haber sido centro del debate durante todo el 2021 por su accionar post-pandemia y el surgimiento de la Agrupaci\u00f3n de P\u00e1del Olavarriense, se convoc\u00f3 a elecciones para renovar la Comisi\u00f3n Directiva de la Asociaci\u00f3n que deber\u00eda nuclear el deporte en la ciudad.<\/p>\n<p>&nbsp;<\/p>\n<p>A trav\u00e9s de un comunicado, ACOP anunci\u00f3: \u201c<em>A partir de la fecha (5\/11), se encuentra abierta la inscripci\u00f3n de Listas para la asamblea a realizarse durante el corriente mes.<\/em><\/p>\n<p><em>Las listas a presentar deber\u00e1n ser formadas por 13 integrantes debidamente detallados.<\/em><\/p>\n<p><em>Las listas deber\u00e1n ser inscripta por mail a olavarriapadel@hotmail.com<\/em><\/p>\n<p><em>La fecha l\u00edmite para su presentaci\u00f3n es el 20 de noviembre.<\/em><\/p>\n<p><em>Muchas gracias<\/em>\u201d<\/p>\n<p>&nbsp;<\/p>\n<p>Se sabe que la Agrupaci\u00f3n de P\u00e1del Olavarriense, conformada por diferentes due\u00f1os de varios complejos, estar\u00eda interesado en presentarse a las elecciones.<\/p>\n","protected":false},"excerpt":{"rendered":"<p>En las \u00faltimas horas se dio a conocer que la Asociaci\u00f3n Civil Olavarriense de P\u00e1del convoc\u00f3 a elecciones para conformar<\/p>\n","protected":false},"author":96739694,"featured_media":144714,"comment_status":"closed","ping_status":"closed","sticky":false,"template":"","format":"standard","meta":{"_jetpack_memberships_contains_paid_content":false,"footnotes":""},"categories":[30,1],"tags":[],"class_list":["post-144713","post","type-post","status-publish","format-standard","has-post-thumbnail","hentry","category-polideportivo","category-portada"],"jetpack_featured_media_url":"https:\/\/i0.wp.com\/cdnoticias.com\/wp-content\/uploads\/2021\/11\/provincial-apo-10.png?fit=1280%2C853&ssl=1","jetpack_sharing_enabled":true,"_links":{"self":[{"href":"https:\/\/cdnoticias.com\/index.php\/wp-json\/wp\/v2\/posts\/144713","targetHints":{"allow":["GET"]}}],"collection":[{"href":"https:\/\/cdnoticias.com\/index.php\/wp-json\/wp\/v2\/posts"}],"about":[{"href":"https:\/\/cdnoticias.com\/index.php\/wp-json\/wp\/v2\/types\/post"}],"author":[{"embeddable":true,"href":"https:\/\/cdnoticias.com\/index.php\/wp-json\/wp\/v2\/users\/96739694"}],"replies":[{"embeddable":true,"href":"https:\/\/cdnoticias.com\/index.php\/wp-json\/wp\/v2\/comments?post=144713"}],"version-history":[{"count":0,"href":"https:\/\/cdnoticias.com\/index.php\/wp-json\/wp\/v2\/posts\/144713\/revisions"}],"wp:featuredmedia":[{"embeddable":true,"href":"https:\/\/cdnoticias.com\/index.php\/wp-json\/wp\/v2\/media\/144714"}],"wp:attachment":[{"href":"https:\/\/cdnoticias.com\/index.php\/wp-json\/wp\/v2\/media?parent=144713"}],"wp:term":[{"taxonomy":"category","embeddable":true,"href":"https:\/\/cdnoticias.com\/index.php\/wp-json\/wp\/v2\/categories?post=144713"},{"taxonomy":"post_tag","embeddable":true,"href":"https:\/\/cdnoticias.com\/index.php\/wp-json\/wp\/v2\/tags?post=144713"}],"curies":[{"name":"wp","href":"https:\/\/api.w.org\/{rel}","templated":true}]}}